{"id":24617,"date":"2015-04-25T01:09:41","date_gmt":"2015-04-25T04:09:41","guid":{"rendered":"http:\/\/notinor.com\/jujuy\/?p=24617"},"modified":"2015-04-25T01:09:41","modified_gmt":"2015-04-25T04:09:41","slug":"concurso-de-diseno-grafico-fiesta-nacional-de-los-estudiantes","status":"publish","type":"post","link":"https:\/\/notinor.com\/jujuy\/concurso-de-diseno-grafico-fiesta-nacional-de-los-estudiantes\/","title":{"rendered":"Concurso de dise\u00f1o grafico \u201cFiesta Nacional de los Estudiantes\u201d"},"content":{"rendered":"<p>En la sede del E.A.P se llevo a cabo el lanzamiento del 1\u00b0Concurso de Dise\u00f1o Grafico, los interesados en participar deber\u00e1n inscribirse en la sede de la instituci\u00f3n hasta el d\u00eda 13 de mayo.<\/p>\n<p>El Concurso \u201c64\u00aa\u00ba edici\u00f3n de la Fiesta Nacional de los Estudiantes\u201d tiene por finalidad incentivar y promover la creatividad y el talento de profesionales e id\u00f3neos especialistas en el campo de las t\u00e9cnicas del dise\u00f1o grafico.<\/p>\n<p>El objetivo es poder seleccionar el dise\u00f1o de afiches, folleto y programa que ser\u00e1n empleados por el E.A.P. para difundir durante el a\u00f1o 20145 dentro de la Rep\u00fablica Argentina y en el extranjero la 64 edici\u00f3n de la FNE, y las distintas actividades que se desarrollen con motivo de la referida Fiesta.<\/p>\n<p>Podr\u00e1n participar dise\u00f1adores gr\u00e1ficos (t\u00e9cnicos o Licenciados) e id\u00f3neos con antecedentes y experiencia demostrable en dise\u00f1o gr\u00e1fico, mayores de 22 a\u00f1os de edad, nacidos o con residencia permanente en la Provincia de Jujuy, que cumplan los requisitos y condiciones establecidas en las Bases y Condiciones del Concurso, las cu\u00e1les deben ser retiradas en la sede del Ente, Patricias Argentinas 644.<\/p>\n<p>Las inscripciones para participar ser\u00e1n recibidas en la sede de la instituci\u00f3n hasta las 21horas del d\u00eda 13 de mayo y el veredicto del jurado ser\u00e1 dado a conocer el d\u00eda 1 del mes de junio a las 11.00hs mediante conferencia brindada por la Presidenta del E.A.P Prof. Liliana Dom\u00ednguez.<\/p>\n<p>La selecci\u00f3n de la obra ganadora estar\u00e1 a carago de un jurado integrado por un miembro de la Comisi\u00f3n Directiva Estudiantil, un docente universitario de la carrera de Dise\u00f1o Grafico, un licenciado en Dise\u00f1o Gr\u00e1fico y dos representantes del Ente Aut\u00e1rquico Permanente de la FNE.<\/p>\n<p>Para mayor informaci\u00f3n, los interesados deber\u00e1n dirigirse a las sede del Ente, Patricias Argentinas 644 de 09.00 a 13.00 horas y de 18.00 a 21.00horas, o telef\u00f3nicamente al 4249416<\/p>\n","protected":false},"excerpt":{"rendered":"<p>En la sede del E.A.P se llevo a cabo el lanzamiento del 1\u00b0Concurso de Dise\u00f1o Grafico, los interesados en participar deber\u00e1n inscribirse en la sede de la instituci\u00f3n hasta el d\u00eda 13 de mayo. El Concurso \u201c64\u00aa\u00ba edici\u00f3n de la Fiesta Nacional de los Estudiantes\u201d tiene por finalidad incentivar y promover la creatividad y el [&hellip;]<\/p>\n","protected":false},"author":1,"featured_media":24618,"comment_status":"open","ping_status":"open","sticky":false,"template":"","format":"standard","meta":{"_stopmodifiedupdate":false,"_modified_date":"","inline_featured_image":false,"spay_email":"","jetpack_publicize_message":""},"categories":[2,13],"tags":[],"jetpack_featured_media_url":"https:\/\/notinor.com\/jujuy\/wp-content\/uploads\/2015\/04\/Logo_FNE.jpg","jetpack_publicize_connections":[],"_links":{"self":[{"href":"https:\/\/notinor.com\/jujuy\/wp-json\/wp\/v2\/posts\/24617"}],"collection":[{"href":"https:\/\/notinor.com\/jujuy\/wp-json\/wp\/v2\/posts"}],"about":[{"href":"https:\/\/notinor.com\/jujuy\/wp-json\/wp\/v2\/types\/post"}],"author":[{"embeddable":true,"href":"https:\/\/notinor.com\/jujuy\/wp-json\/wp\/v2\/users\/1"}],"replies":[{"embeddable":true,"href":"https:\/\/notinor.com\/jujuy\/wp-json\/wp\/v2\/comments?post=24617"}],"version-history":[{"count":1,"href":"https:\/\/notinor.com\/jujuy\/wp-json\/wp\/v2\/posts\/24617\/revisions"}],"predecessor-version":[{"id":24619,"href":"https:\/\/notinor.com\/jujuy\/wp-json\/wp\/v2\/posts\/24617\/revisions\/24619"}],"wp:featuredmedia":[{"embeddable":true,"href":"https:\/\/notinor.com\/jujuy\/wp-json\/wp\/v2\/media\/24618"}],"wp:attachment":[{"href":"https:\/\/notinor.com\/jujuy\/wp-json\/wp\/v2\/media?parent=24617"}],"wp:term":[{"taxonomy":"category","embeddable":true,"href":"https:\/\/notinor.com\/jujuy\/wp-json\/wp\/v2\/categories?post=24617"},{"taxonomy":"post_tag","embeddable":true,"href":"https:\/\/notinor.com\/jujuy\/wp-json\/wp\/v2\/tags?post=24617"}],"curies":[{"name":"wp","href":"https:\/\/api.w.org\/{rel}","templated":true}]}}