{"id":245761,"date":"2020-06-16T11:07:06","date_gmt":"2020-06-16T14:07:06","guid":{"rendered":"https:\/\/notinor.com\/jujuy\/?p=245761"},"modified":"2020-06-16T13:58:12","modified_gmt":"2020-06-16T16:58:12","slug":"siguen-los-reclamos-en-perico","status":"publish","type":"post","link":"https:\/\/notinor.com\/jujuy\/siguen-los-reclamos-en-perico\/","title":{"rendered":"Siguen los reclamos en perico"},"content":{"rendered":"\n<p>En la ma\u00f1ana de hoy, manifestantes que representan a la denominada Feria de Remate. Que funciona los d\u00edas domingos en avenida Bolivia de Perico. est\u00e1n apostados frente al edificio Municipal con carteleria solicitando la reapertura de la misma. <\/p>\n\n\n\n<figure class=\"wp-block-image size-large\"><img decoding=\"async\" loading=\"lazy\" width=\"1280\" height=\"960\" src=\"https:\/\/i0.wp.com\/notinor.com\/jujuy\/wp-content\/uploads\/2020\/06\/WhatsApp-Image-2020-06-16-at-10.43.35-AM.jpeg?fit=640%2C480&amp;ssl=1\" alt=\"\" class=\"wp-image-245762\" srcset=\"https:\/\/notinor.com\/jujuy\/wp-content\/uploads\/2020\/06\/WhatsApp-Image-2020-06-16-at-10.43.35-AM.jpeg 1280w, https:\/\/notinor.com\/jujuy\/wp-content\/uploads\/2020\/06\/WhatsApp-Image-2020-06-16-at-10.43.35-AM-487x365.jpeg 487w, https:\/\/notinor.com\/jujuy\/wp-content\/uploads\/2020\/06\/WhatsApp-Image-2020-06-16-at-10.43.35-AM-640x480.jpeg 640w, https:\/\/notinor.com\/jujuy\/wp-content\/uploads\/2020\/06\/WhatsApp-Image-2020-06-16-at-10.43.35-AM-768x576.jpeg 768w\" sizes=\"(max-width: 1280px) 100vw, 1280px\" \/><\/figure>\n\n\n\n<p>Por estos momentos se estar\u00edan reuniendo representantes con Autoridades del municipio, a efectos de arribar a una soluci\u00f3n al inconveniente. <\/p>\n\n\n\n<p>Destacando que entre los reclamos se pudo escuchar que estar\u00edan ante una injusticia, por cu\u00e1nto el municipio autorizo la reapertura de la feria llamada Americana que est\u00e1 funcionando en calle Rep. de Libano. Los manifestantes contin\u00faan en el lugar.<\/p>\n","protected":false},"excerpt":{"rendered":"<p>En la ma\u00f1ana de hoy, manifestantes que representan a la denominada Feria de Remate. Que funciona los d\u00edas domingos en avenida Bolivia de Perico. est\u00e1n apostados frente al edificio Municipal con carteleria solicitando la reapertura de la misma. Por estos momentos se estar\u00edan reuniendo representantes con Autoridades del municipio, a efectos de arribar a una [&hellip;]<\/p>\n","protected":false},"author":40,"featured_media":245762,"comment_status":"open","ping_status":"open","sticky":false,"template":"","format":"standard","meta":{"_stopmodifiedupdate":false,"_modified_date":"","inline_featured_image":false},"categories":[4],"tags":[],"jetpack_featured_media_url":"https:\/\/notinor.com\/jujuy\/wp-content\/uploads\/2020\/06\/WhatsApp-Image-2020-06-16-at-10.43.35-AM.jpeg","_links":{"self":[{"href":"https:\/\/notinor.com\/jujuy\/wp-json\/wp\/v2\/posts\/245761"}],"collection":[{"href":"https:\/\/notinor.com\/jujuy\/wp-json\/wp\/v2\/posts"}],"about":[{"href":"https:\/\/notinor.com\/jujuy\/wp-json\/wp\/v2\/types\/post"}],"author":[{"embeddable":true,"href":"https:\/\/notinor.com\/jujuy\/wp-json\/wp\/v2\/users\/40"}],"replies":[{"embeddable":true,"href":"https:\/\/notinor.com\/jujuy\/wp-json\/wp\/v2\/comments?post=245761"}],"version-history":[{"count":1,"href":"https:\/\/notinor.com\/jujuy\/wp-json\/wp\/v2\/posts\/245761\/revisions"}],"predecessor-version":[{"id":245763,"href":"https:\/\/notinor.com\/jujuy\/wp-json\/wp\/v2\/posts\/245761\/revisions\/245763"}],"wp:featuredmedia":[{"embeddable":true,"href":"https:\/\/notinor.com\/jujuy\/wp-json\/wp\/v2\/media\/245762"}],"wp:attachment":[{"href":"https:\/\/notinor.com\/jujuy\/wp-json\/wp\/v2\/media?parent=245761"}],"wp:term":[{"taxonomy":"category","embeddable":true,"href":"https:\/\/notinor.com\/jujuy\/wp-json\/wp\/v2\/categories?post=245761"},{"taxonomy":"post_tag","embeddable":true,"href":"https:\/\/notinor.com\/jujuy\/wp-json\/wp\/v2\/tags?post=245761"}],"curies":[{"name":"wp","href":"https:\/\/api.w.org\/{rel}","templated":true}]}}