{"id":245755,"date":"2020-06-16T10:29:25","date_gmt":"2020-06-16T13:29:25","guid":{"rendered":"https:\/\/notinor.com\/jujuy\/?p=245755"},"modified":"2020-06-16T18:01:38","modified_gmt":"2020-06-16T21:01:38","slug":"el-nuevo-caso-confirmado-de-covid-19-en-jujuy-no-representa-riesgo-de-contagio","status":"publish","type":"post","link":"https:\/\/notinor.com\/jujuy\/el-nuevo-caso-confirmado-de-covid-19-en-jujuy-no-representa-riesgo-de-contagio\/","title":{"rendered":"El nuevo caso confirmado de COVID-19 en Jujuy no representa riesgo de contagio"},"content":{"rendered":"\n<p>Al momento de ser detectado, se encontraba en situaci\u00f3n de aislamiento y su familia arroj\u00f3 resultados negativos.<\/p>\n\n\n\n<figure class=\"wp-block-image size-large\"><img decoding=\"async\" loading=\"lazy\" width=\"1200\" height=\"675\" src=\"https:\/\/i2.wp.com\/notinor.com\/jujuy\/wp-content\/uploads\/2020\/06\/covid_19_coronavirus_shutterstock.jpg_554688468.jpg?fit=840%2C473&amp;ssl=1\" alt=\"\" class=\"wp-image-245756\" srcset=\"https:\/\/notinor.com\/jujuy\/wp-content\/uploads\/2020\/06\/covid_19_coronavirus_shutterstock.jpg_554688468.jpg 1200w, https:\/\/notinor.com\/jujuy\/wp-content\/uploads\/2020\/06\/covid_19_coronavirus_shutterstock.jpg_554688468-649x365.jpg 649w, https:\/\/notinor.com\/jujuy\/wp-content\/uploads\/2020\/06\/covid_19_coronavirus_shutterstock.jpg_554688468-840x473.jpg 840w, https:\/\/notinor.com\/jujuy\/wp-content\/uploads\/2020\/06\/covid_19_coronavirus_shutterstock.jpg_554688468-500x280.jpg 500w, https:\/\/notinor.com\/jujuy\/wp-content\/uploads\/2020\/06\/covid_19_coronavirus_shutterstock.jpg_554688468-768x432.jpg 768w\" sizes=\"(max-width: 1200px) 100vw, 1200px\" \/><\/figure>\n\n\n\n<p class=\"has-background has-vivid-cyan-blue-background-color\">Se confirm\u00f3 un nuevo caso positivo, importado y asintom\u00e1tico de coronavirus en Jujuy. Se trata de una persona que arrib\u00f3 desde Brasil con su familia, en el marco del plan de repatriaci\u00f3n de argentinos dispuesto por el Gobierno de la Naci\u00f3n, v\u00eda Buenos Aires.<\/p>\n\n\n\n<p>El paciente est\u00e1 internado en el hospital \u201cSan Roque\u201d para su correspondiente monitoreo y tratamiento. Al momento de ser detectado, se encontraba en situaci\u00f3n de aislamiento en un complejo hotelero de Yala, por lo tanto, no representaba riesgo de contagio.<\/p>\n\n\n\n<p>El resto de la familia fue testeada con resultado negativo.<\/p>\n\n\n\n<p>Cabe destacar, que se prev\u00e9 el testeo de personas hacia el final del per\u00edodo de cuarentena, a fin de evitar contagios a trav\u00e9s de casos asintom\u00e1ticos.<\/p>\n","protected":false},"excerpt":{"rendered":"<p>Al momento de ser detectado, se encontraba en situaci\u00f3n de aislamiento y su familia arroj\u00f3 resultados negativos. Se confirm\u00f3 un nuevo caso positivo, importado y asintom\u00e1tico de coronavirus en Jujuy. Se trata de una persona que arrib\u00f3 desde Brasil con su familia, en el marco del plan de repatriaci\u00f3n de argentinos dispuesto por el Gobierno [&hellip;]<\/p>\n","protected":false},"author":37,"featured_media":245756,"comment_status":"open","ping_status":"open","sticky":false,"template":"","format":"standard","meta":{"_stopmodifiedupdate":false,"_modified_date":"","inline_featured_image":false},"categories":[2],"tags":[],"jetpack_featured_media_url":"https:\/\/notinor.com\/jujuy\/wp-content\/uploads\/2020\/06\/covid_19_coronavirus_shutterstock.jpg_554688468.jpg","_links":{"self":[{"href":"https:\/\/notinor.com\/jujuy\/wp-json\/wp\/v2\/posts\/245755"}],"collection":[{"href":"https:\/\/notinor.com\/jujuy\/wp-json\/wp\/v2\/posts"}],"about":[{"href":"https:\/\/notinor.com\/jujuy\/wp-json\/wp\/v2\/types\/post"}],"author":[{"embeddable":true,"href":"https:\/\/notinor.com\/jujuy\/wp-json\/wp\/v2\/users\/37"}],"replies":[{"embeddable":true,"href":"https:\/\/notinor.com\/jujuy\/wp-json\/wp\/v2\/comments?post=245755"}],"version-history":[{"count":1,"href":"https:\/\/notinor.com\/jujuy\/wp-json\/wp\/v2\/posts\/245755\/revisions"}],"predecessor-version":[{"id":245757,"href":"https:\/\/notinor.com\/jujuy\/wp-json\/wp\/v2\/posts\/245755\/revisions\/245757"}],"wp:featuredmedia":[{"embeddable":true,"href":"https:\/\/notinor.com\/jujuy\/wp-json\/wp\/v2\/media\/245756"}],"wp:attachment":[{"href":"https:\/\/notinor.com\/jujuy\/wp-json\/wp\/v2\/media?parent=245755"}],"wp:term":[{"taxonomy":"category","embeddable":true,"href":"https:\/\/notinor.com\/jujuy\/wp-json\/wp\/v2\/categories?post=245755"},{"taxonomy":"post_tag","embeddable":true,"href":"https:\/\/notinor.com\/jujuy\/wp-json\/wp\/v2\/tags?post=245755"}],"curies":[{"name":"wp","href":"https:\/\/api.w.org\/{rel}","templated":true}]}}