{"id":245752,"date":"2020-06-16T10:23:58","date_gmt":"2020-06-16T13:23:58","guid":{"rendered":"https:\/\/notinor.com\/jujuy\/?p=245752"},"modified":"2020-06-16T10:24:03","modified_gmt":"2020-06-16T13:24:03","slug":"fase-1-ni-bancos-ni-atencion-al-publico-en-el-ivuj","status":"publish","type":"post","link":"https:\/\/notinor.com\/jujuy\/fase-1-ni-bancos-ni-atencion-al-publico-en-el-ivuj\/","title":{"rendered":"Fase 1: ni bancos ni atenci\u00f3n al p\u00fablico en el IVUJ"},"content":{"rendered":"\n<p>El COE adopt\u00f3 medidas extremas en la ciudad fronteriza ante el delicado escenario sanitario y epidemiol\u00f3gico.<\/p>\n\n\n\n<figure class=\"wp-block-image size-large\"><img decoding=\"async\" loading=\"lazy\" width=\"960\" height=\"640\" src=\"https:\/\/i1.wp.com\/notinor.com\/jujuy\/wp-content\/uploads\/2020\/06\/lq.jpeg?fit=720%2C480&amp;ssl=1\" alt=\"\" class=\"wp-image-245753\" srcset=\"https:\/\/notinor.com\/jujuy\/wp-content\/uploads\/2020\/06\/lq.jpeg 960w, https:\/\/notinor.com\/jujuy\/wp-content\/uploads\/2020\/06\/lq-548x365.jpeg 548w, https:\/\/notinor.com\/jujuy\/wp-content\/uploads\/2020\/06\/lq-720x480.jpeg 720w, https:\/\/notinor.com\/jujuy\/wp-content\/uploads\/2020\/06\/lq-768x512.jpeg 768w, https:\/\/notinor.com\/jujuy\/wp-content\/uploads\/2020\/06\/lq-400x266.jpeg 400w\" sizes=\"(max-width: 960px) 100vw, 960px\" \/><\/figure>\n\n\n\n<p class=\"has-background has-vivid-cyan-blue-background-color\">Debido a la delicada situaci\u00f3n epidemiol\u00f3gica y sanitaria que se atraviesa en la frontera de la provincia, el Comit\u00e9 Operativo de Emergencia aclar\u00f3 las medidas que est\u00e1n incluidas en la Fase 1 del aislamiento.<\/p>\n\n\n\n<p>SIN ANTENCION DEL IVUJ<\/p>\n\n\n\n<p>El Instituto de Vivienda y Urbanismo de Jujuy, en concordancia con las medidas adoptadas por el Comit\u00e9 Operativo de Emergencia, suspende la atenci\u00f3n al p\u00fablico en Delegaci\u00f3n La Quiaca, por el t\u00e9rmino de siete d\u00edas. Los turnos otorgados previamente ser\u00e1n reprogramados.<\/p>\n\n\n\n<p>SIN BANCOS<\/p>\n\n\n\n<p>Todas las sucursales bancarias con asiento en La Quiaca, dejan de atender al p\u00fablico mientras se encuentre vigente la Fase 1.<\/p>\n","protected":false},"excerpt":{"rendered":"<p>El COE adopt\u00f3 medidas extremas en la ciudad fronteriza ante el delicado escenario sanitario y epidemiol\u00f3gico. Debido a la delicada situaci\u00f3n epidemiol\u00f3gica y sanitaria que se atraviesa en la frontera de la provincia, el Comit\u00e9 Operativo de Emergencia aclar\u00f3 las medidas que est\u00e1n incluidas en la Fase 1 del aislamiento. SIN ANTENCION DEL IVUJ El [&hellip;]<\/p>\n","protected":false},"author":37,"featured_media":245753,"comment_status":"open","ping_status":"open","sticky":false,"template":"","format":"standard","meta":{"_stopmodifiedupdate":false,"_modified_date":"","inline_featured_image":false},"categories":[4],"tags":[],"jetpack_featured_media_url":"https:\/\/notinor.com\/jujuy\/wp-content\/uploads\/2020\/06\/lq.jpeg","_links":{"self":[{"href":"https:\/\/notinor.com\/jujuy\/wp-json\/wp\/v2\/posts\/245752"}],"collection":[{"href":"https:\/\/notinor.com\/jujuy\/wp-json\/wp\/v2\/posts"}],"about":[{"href":"https:\/\/notinor.com\/jujuy\/wp-json\/wp\/v2\/types\/post"}],"author":[{"embeddable":true,"href":"https:\/\/notinor.com\/jujuy\/wp-json\/wp\/v2\/users\/37"}],"replies":[{"embeddable":true,"href":"https:\/\/notinor.com\/jujuy\/wp-json\/wp\/v2\/comments?post=245752"}],"version-history":[{"count":1,"href":"https:\/\/notinor.com\/jujuy\/wp-json\/wp\/v2\/posts\/245752\/revisions"}],"predecessor-version":[{"id":245754,"href":"https:\/\/notinor.com\/jujuy\/wp-json\/wp\/v2\/posts\/245752\/revisions\/245754"}],"wp:featuredmedia":[{"embeddable":true,"href":"https:\/\/notinor.com\/jujuy\/wp-json\/wp\/v2\/media\/245753"}],"wp:attachment":[{"href":"https:\/\/notinor.com\/jujuy\/wp-json\/wp\/v2\/media?parent=245752"}],"wp:term":[{"taxonomy":"category","embeddable":true,"href":"https:\/\/notinor.com\/jujuy\/wp-json\/wp\/v2\/categories?post=245752"},{"taxonomy":"post_tag","embeddable":true,"href":"https:\/\/notinor.com\/jujuy\/wp-json\/wp\/v2\/tags?post=245752"}],"curies":[{"name":"wp","href":"https:\/\/api.w.org\/{rel}","templated":true}]}}