{"id":245657,"date":"2020-06-15T22:13:26","date_gmt":"2020-06-16T01:13:26","guid":{"rendered":"https:\/\/notinor.com\/jujuy\/?p=245657"},"modified":"2020-06-15T22:13:27","modified_gmt":"2020-06-16T01:13:27","slug":"faceapp-los-peligros-de-la-aplicacion-que-te-cambia-de-genero","status":"publish","type":"post","link":"https:\/\/notinor.com\/jujuy\/faceapp-los-peligros-de-la-aplicacion-que-te-cambia-de-genero\/","title":{"rendered":"FaceApp: los peligros de la aplicaci\u00f3n que te cambia de g\u00e9nero"},"content":{"rendered":"\n<div class=\"wp-block-image\"><figure class=\"aligncenter is-resized\"><img decoding=\"async\" loading=\"lazy\" src=\"https:\/\/bucket3.glanacion.com\/anexos\/fotos\/09\/3282709w380.jpg\" alt=\"Lady Gaga pasada por el filtro de FaceApp, una aplicaci\u00f3n cuestionada por sus pol\u00edticas de privacidad\" width=\"491\" height=\"328\"\/><\/figure><\/div>\n\n\n\n<p><strong>FaceApp&nbsp;<\/strong>se hizo popular el a\u00f1o pasado, al punto que se convirti\u00f3 en la app del momento, la m\u00e1s bajada en la Argentina y en m\u00e1s de cincuenta pa\u00edses. Su primer hit fue la funci\u00f3n de envejecer los rostros. Ahora, volvi\u00f3 al ruedo con la posibilidad de&nbsp;<strong>cambiar de g\u00e9nero&nbsp;<\/strong>: caras masculinas se transforman en las t\u00edpicamente femeninas y viceversa.<\/p>\n\n\n\n<p>La usan los famosos, los medios para mostrar c\u00f3mo ser\u00edan los jugadores de f\u00fatbol si fueran mujeres y hasta se la aplica en rostros de pol\u00edticos. Pocos recuerdan las advertencias que salieron a la luz en 2019, cuando surgieron dudas sobre la seguridad que esta aplicaci\u00f3n ofrece a sus usuarios.<\/p>\n\n\n\n<p>La aplicaci\u00f3n fue creada por el ruso Yaroslav Goncharov y emplea redes neuronales para&nbsp;<a href=\"https:\/\/www.lanacion.com.ar\/tecnologia\/faceapp-aplicacion-simula-como-envejece-tu-cara-nid2267819\">escanear caras y hacerlas m\u00e1s viejas, j\u00f3venes, agregarles distintos tipos de barbas o cambiarles el g\u00e9nero, entre otras opciones&nbsp;<\/a>.<\/p>\n\n\n\n<p>Para los defensores de la privacidad, con estas acciones se le otorga demasiada informaci\u00f3n a la empresa sin saber qu\u00e9 har\u00e1n con ella. El comentarista de tecnolog\u00eda Stilgherrian sugiri\u00f3 el a\u00f1o pasado al diario ABC.au: \"Todo este modelo de negocios est\u00e1 recogiendo cantidades masivas de datos personales sin ninguna idea de c\u00f3mo podr\u00eda ser utilizado en el futuro\".<\/p>\n\n\n\n<div class=\"wp-block-image\"><figure class=\"aligncenter is-resized\"><img decoding=\"async\" loading=\"lazy\" src=\"https:\/\/bucket1.glanacion.com\/anexos\/fotos\/10\/3282710w380.jpg\" alt=\"La versi\u00f3n &quot;femenina&quot; de Lionel Messi\" width=\"465\" height=\"311\"\/><figcaption>La versi\u00f3n \"femenina\" de Lionel Messi<\/figcaption><\/figure><\/div>\n\n\n\n<p>Esta semana, la atenci\u00f3n est\u00e1 puesta en su pol\u00edtica de privacidad actualizada el 6 de junio. En ella, los usuarios aceptan que el sistema registre el IP del dispositivo y a qu\u00e9 p\u00e1gina ingresaron antes de usar su sistema. Fernando Su\u00e1rez, presidente del Consejo General de Colegios de Ingenier\u00eda Inform\u00e1tica de Espa\u00f1a dijo al diario&nbsp;<a href=\"https:\/\/elpais.com\/tecnologia\/2020-06-15\/face-app-un-cambio-de-sexo-con-una-peligrosa-letra-pequena.html\">El Pa\u00eds&nbsp;<\/a>que ceder estos datos a ciegas es como \"vender el alma al diablo\".<\/p>\n\n\n\n<p>El servicio tambi\u00e9n qued\u00f3 expuesto a acusaciones de racismo cuando se comprob\u00f3 que uno de sus filtros blanqueaba la piel de usuarios de color con el supuesto objetivo de volverlas m\u00e1s atractivas. En su momento, Goncharov pidi\u00f3 disculpas por la situaci\u00f3n y retir\u00f3 las herramientas bajo cuestionamiento.<\/p>\n\n\n\n<div class=\"wp-block-image\"><figure class=\"aligncenter is-resized\"><img decoding=\"async\" loading=\"lazy\" src=\"https:\/\/bucket3.glanacion.com\/anexos\/fotos\/07\/3282707w380.jpg\" alt=\"Robert Downey Jr transformado en mujer por la app FaceApp\" width=\"486\" height=\"329\"\/><figcaption>Robert Downey Jr transformado en mujer por la app FaceApp<\/figcaption><\/figure><\/div>\n","protected":false},"excerpt":{"rendered":"<p>FaceApp&nbsp;se hizo popular el a\u00f1o pasado, al punto que se convirti\u00f3 en la app del momento, la m\u00e1s bajada en la Argentina y en m\u00e1s de cincuenta pa\u00edses. Su primer hit fue la funci\u00f3n de envejecer los rostros. Ahora, volvi\u00f3 al ruedo con la posibilidad de&nbsp;cambiar de g\u00e9nero&nbsp;: caras masculinas se transforman en las t\u00edpicamente [&hellip;]<\/p>\n","protected":false},"author":40,"featured_media":245659,"comment_status":"open","ping_status":"open","sticky":false,"template":"","format":"standard","meta":{"_stopmodifiedupdate":false,"_modified_date":"","inline_featured_image":false,"spay_email":"","jetpack_publicize_message":""},"categories":[17,13],"tags":[],"jetpack_featured_media_url":"https:\/\/notinor.com\/jujuy\/wp-content\/uploads\/2020\/06\/3282709w1033.jpg","jetpack_publicize_connections":[],"_links":{"self":[{"href":"https:\/\/notinor.com\/jujuy\/wp-json\/wp\/v2\/posts\/245657"}],"collection":[{"href":"https:\/\/notinor.com\/jujuy\/wp-json\/wp\/v2\/posts"}],"about":[{"href":"https:\/\/notinor.com\/jujuy\/wp-json\/wp\/v2\/types\/post"}],"author":[{"embeddable":true,"href":"https:\/\/notinor.com\/jujuy\/wp-json\/wp\/v2\/users\/40"}],"replies":[{"embeddable":true,"href":"https:\/\/notinor.com\/jujuy\/wp-json\/wp\/v2\/comments?post=245657"}],"version-history":[{"count":1,"href":"https:\/\/notinor.com\/jujuy\/wp-json\/wp\/v2\/posts\/245657\/revisions"}],"predecessor-version":[{"id":245662,"href":"https:\/\/notinor.com\/jujuy\/wp-json\/wp\/v2\/posts\/245657\/revisions\/245662"}],"wp:featuredmedia":[{"embeddable":true,"href":"https:\/\/notinor.com\/jujuy\/wp-json\/wp\/v2\/media\/245659"}],"wp:attachment":[{"href":"https:\/\/notinor.com\/jujuy\/wp-json\/wp\/v2\/media?parent=245657"}],"wp:term":[{"taxonomy":"category","embeddable":true,"href":"https:\/\/notinor.com\/jujuy\/wp-json\/wp\/v2\/categories?post=245657"},{"taxonomy":"post_tag","embeddable":true,"href":"https:\/\/notinor.com\/jujuy\/wp-json\/wp\/v2\/tags?post=245657"}],"curies":[{"name":"wp","href":"https:\/\/api.w.org\/{rel}","templated":true}]}}