{"id":245648,"date":"2020-06-15T21:59:41","date_gmt":"2020-06-16T00:59:41","guid":{"rendered":"https:\/\/notinor.com\/jujuy\/?p=245648"},"modified":"2020-06-15T21:59:46","modified_gmt":"2020-06-16T00:59:46","slug":"hoy-regreso-la-feria-americana","status":"publish","type":"post","link":"https:\/\/notinor.com\/jujuy\/hoy-regreso-la-feria-americana\/","title":{"rendered":"Hoy regreso la feria Americana..."},"content":{"rendered":"\n<p>Ciudad Perico 15 de Junio de 2020.<\/p>\n\n\n\n<p>En la fecha, y luego de varias reuniones entre Autoridades del Ejecutivo Municipal, Delegados de la Feria Americana y el asesor legal de los mismos, Dr. H\u00e9ctor Huespe, se logr\u00f3 la reapertura de la feria conocida como feria Americana venta de ropa usada sobre la calle Rep\u00fablica de L\u00edbano entre las Avenidas Jujuy y Bolivia. De acuerdo a lo manifestado por el asesor legal. La reapertura de la feria se realiza bajo las normas de bioseguridad establecidas por el Coe Provincial, respetando el distanciamiento social el uso de alcohol en gel y el barbijo obligatorio. Siguiendo los mismos horarios de siempre.y con la particularidad de la mitad de la totalidad de los vendedores en forma alternada todos los d\u00edas,  excepto los d\u00edas domingos.<\/p>\n\n\n\n<figure class=\"wp-block-image size-large\"><img decoding=\"async\" loading=\"lazy\" width=\"1081\" height=\"1081\" src=\"https:\/\/i1.wp.com\/notinor.com\/jujuy\/wp-content\/uploads\/2020\/06\/WhatsApp-Image-2020-06-13-at-8.19.40-PM.jpeg?fit=480%2C480&amp;ssl=1\" alt=\"\" class=\"wp-image-245649\" srcset=\"https:\/\/notinor.com\/jujuy\/wp-content\/uploads\/2020\/06\/WhatsApp-Image-2020-06-13-at-8.19.40-PM.jpeg 1081w, https:\/\/notinor.com\/jujuy\/wp-content\/uploads\/2020\/06\/WhatsApp-Image-2020-06-13-at-8.19.40-PM-365x365.jpeg 365w, https:\/\/notinor.com\/jujuy\/wp-content\/uploads\/2020\/06\/WhatsApp-Image-2020-06-13-at-8.19.40-PM-480x480.jpeg 480w, https:\/\/notinor.com\/jujuy\/wp-content\/uploads\/2020\/06\/WhatsApp-Image-2020-06-13-at-8.19.40-PM-768x768.jpeg 768w, https:\/\/notinor.com\/jujuy\/wp-content\/uploads\/2020\/06\/WhatsApp-Image-2020-06-13-at-8.19.40-PM-100x100.jpeg 100w\" sizes=\"(max-width: 1081px) 100vw, 1081px\" \/><\/figure>\n\n\n\n<figure class=\"wp-block-image size-large\"><img decoding=\"async\" loading=\"lazy\" width=\"1280\" height=\"770\" src=\"https:\/\/i0.wp.com\/notinor.com\/jujuy\/wp-content\/uploads\/2020\/06\/WhatsApp-Image-2020-06-15-at-4.43.24-PM.jpeg?fit=798%2C480&amp;ssl=1\" alt=\"\" class=\"wp-image-245650\" srcset=\"https:\/\/notinor.com\/jujuy\/wp-content\/uploads\/2020\/06\/WhatsApp-Image-2020-06-15-at-4.43.24-PM.jpeg 1280w, https:\/\/notinor.com\/jujuy\/wp-content\/uploads\/2020\/06\/WhatsApp-Image-2020-06-15-at-4.43.24-PM-607x365.jpeg 607w, https:\/\/notinor.com\/jujuy\/wp-content\/uploads\/2020\/06\/WhatsApp-Image-2020-06-15-at-4.43.24-PM-798x480.jpeg 798w, https:\/\/notinor.com\/jujuy\/wp-content\/uploads\/2020\/06\/WhatsApp-Image-2020-06-15-at-4.43.24-PM-768x462.jpeg 768w\" sizes=\"(max-width: 1280px) 100vw, 1280px\" \/><\/figure>\n\n\n\n<figure class=\"wp-block-image size-large\"><img decoding=\"async\" loading=\"lazy\" width=\"1280\" height=\"770\" src=\"https:\/\/i1.wp.com\/notinor.com\/jujuy\/wp-content\/uploads\/2020\/06\/WhatsApp-Image-2020-06-15-at-4.43.25-PM.jpeg?fit=798%2C480&amp;ssl=1\" alt=\"\" class=\"wp-image-245651\" srcset=\"https:\/\/notinor.com\/jujuy\/wp-content\/uploads\/2020\/06\/WhatsApp-Image-2020-06-15-at-4.43.25-PM.jpeg 1280w, https:\/\/notinor.com\/jujuy\/wp-content\/uploads\/2020\/06\/WhatsApp-Image-2020-06-15-at-4.43.25-PM-607x365.jpeg 607w, https:\/\/notinor.com\/jujuy\/wp-content\/uploads\/2020\/06\/WhatsApp-Image-2020-06-15-at-4.43.25-PM-798x480.jpeg 798w, https:\/\/notinor.com\/jujuy\/wp-content\/uploads\/2020\/06\/WhatsApp-Image-2020-06-15-at-4.43.25-PM-768x462.jpeg 768w\" sizes=\"(max-width: 1280px) 100vw, 1280px\" \/><\/figure>\n\n\n\n<figure class=\"wp-block-image size-large\"><img decoding=\"async\" loading=\"lazy\" width=\"1280\" height=\"770\" src=\"https:\/\/i0.wp.com\/notinor.com\/jujuy\/wp-content\/uploads\/2020\/06\/WhatsApp-Image-2020-06-15-at-4.43.25-PM-1.jpeg?fit=798%2C480&amp;ssl=1\" alt=\"\" class=\"wp-image-245652\" srcset=\"https:\/\/notinor.com\/jujuy\/wp-content\/uploads\/2020\/06\/WhatsApp-Image-2020-06-15-at-4.43.25-PM-1.jpeg 1280w, https:\/\/notinor.com\/jujuy\/wp-content\/uploads\/2020\/06\/WhatsApp-Image-2020-06-15-at-4.43.25-PM-1-607x365.jpeg 607w, https:\/\/notinor.com\/jujuy\/wp-content\/uploads\/2020\/06\/WhatsApp-Image-2020-06-15-at-4.43.25-PM-1-798x480.jpeg 798w, https:\/\/notinor.com\/jujuy\/wp-content\/uploads\/2020\/06\/WhatsApp-Image-2020-06-15-at-4.43.25-PM-1-768x462.jpeg 768w\" sizes=\"(max-width: 1280px) 100vw, 1280px\" \/><\/figure>\n","protected":false},"excerpt":{"rendered":"<p>Ciudad Perico 15 de Junio de 2020. En la fecha, y luego de varias reuniones entre Autoridades del Ejecutivo Municipal, Delegados de la Feria Americana y el asesor legal de los mismos, Dr. H\u00e9ctor Huespe, se logr\u00f3 la reapertura de la feria conocida como feria Americana venta de ropa usada sobre la calle Rep\u00fablica de [&hellip;]<\/p>\n","protected":false},"author":1,"featured_media":245650,"comment_status":"open","ping_status":"open","sticky":false,"template":"","format":"standard","meta":{"_stopmodifiedupdate":false,"_modified_date":"","inline_featured_image":false,"spay_email":"","jetpack_publicize_message":""},"categories":[4],"tags":[],"jetpack_featured_media_url":"https:\/\/notinor.com\/jujuy\/wp-content\/uploads\/2020\/06\/WhatsApp-Image-2020-06-15-at-4.43.24-PM.jpeg","jetpack_publicize_connections":[],"_links":{"self":[{"href":"https:\/\/notinor.com\/jujuy\/wp-json\/wp\/v2\/posts\/245648"}],"collection":[{"href":"https:\/\/notinor.com\/jujuy\/wp-json\/wp\/v2\/posts"}],"about":[{"href":"https:\/\/notinor.com\/jujuy\/wp-json\/wp\/v2\/types\/post"}],"author":[{"embeddable":true,"href":"https:\/\/notinor.com\/jujuy\/wp-json\/wp\/v2\/users\/1"}],"replies":[{"embeddable":true,"href":"https:\/\/notinor.com\/jujuy\/wp-json\/wp\/v2\/comments?post=245648"}],"version-history":[{"count":1,"href":"https:\/\/notinor.com\/jujuy\/wp-json\/wp\/v2\/posts\/245648\/revisions"}],"predecessor-version":[{"id":245653,"href":"https:\/\/notinor.com\/jujuy\/wp-json\/wp\/v2\/posts\/245648\/revisions\/245653"}],"wp:featuredmedia":[{"embeddable":true,"href":"https:\/\/notinor.com\/jujuy\/wp-json\/wp\/v2\/media\/245650"}],"wp:attachment":[{"href":"https:\/\/notinor.com\/jujuy\/wp-json\/wp\/v2\/media?parent=245648"}],"wp:term":[{"taxonomy":"category","embeddable":true,"href":"https:\/\/notinor.com\/jujuy\/wp-json\/wp\/v2\/categories?post=245648"},{"taxonomy":"post_tag","embeddable":true,"href":"https:\/\/notinor.com\/jujuy\/wp-json\/wp\/v2\/tags?post=245648"}],"curies":[{"name":"wp","href":"https:\/\/api.w.org\/{rel}","templated":true}]}}