{"id":245622,"date":"2020-06-15T17:48:24","date_gmt":"2020-06-15T20:48:24","guid":{"rendered":"https:\/\/notinor.com\/jujuy\/?p=245622"},"modified":"2020-06-15T17:48:28","modified_gmt":"2020-06-15T20:48:28","slug":"mirtha-legrand-el-curioso-pedido-telefonico-a-juana-viale-en-pleno-programa","status":"publish","type":"post","link":"https:\/\/notinor.com\/jujuy\/mirtha-legrand-el-curioso-pedido-telefonico-a-juana-viale-en-pleno-programa\/","title":{"rendered":"Mirtha Legrand: el curioso pedido telef\u00f3nico a Juana Viale en pleno programa"},"content":{"rendered":"\n<p>En su primera participaci\u00f3n del programa&nbsp;<em><strong>Almorzando...&nbsp;<\/strong><\/em>este domingo luego de la muerte de su hermana&nbsp;<strong>Goldy&nbsp;<\/strong>,&nbsp;<strong>Mirtha Legrand&nbsp;<\/strong>le hizo, por v\u00eda telef\u00f3nica, un curioso pedido a su nieta y ahora conductora del ciclo,&nbsp;<strong>Juana Viale&nbsp;<\/strong>.<\/p>\n\n\n\n<p>Despu\u00e9s de felicitarla por su trabajo,\u00a0<strong>Mirtha\u00a0<\/strong>le insisti\u00f3 a Juanita: \"Mostr\u00e1 la ropa dos veces. Est\u00e1s tan bien vestida\".<\/p>\n\n\n\n<p>Sobre la petici\u00f3n de su abuela,&nbsp;<strong>Juana&nbsp;<\/strong>aclar\u00f3: \"Eso me lo mandaba por mensaje, por privado\". Por su parte, \"La Chiqui\" explic\u00f3: \"Yo me pongo en el lugar de la telespectadora y llego tarde, 'ay c\u00f3mo estar\u00e1 vestida porque est\u00e1 sentada y no puedo verla'\".<\/p>\n\n\n\n<p>Entre risas, la joven conductora respondi\u00f3: \"Pero no puedo, en la mitad de la mesa, decir 'mi abuela lleg\u00f3 tarde a la tele, esperen que me voy a parar'\".<\/p>\n\n\n\n<p> En ese sentido, para satisfacer los deseos de su abuela,\u00a0<strong>Juanita\u00a0<\/strong>luci\u00f3 ese mismo d\u00eda un elegante traje blanco con un sombrero y, antes de pasar al escritorio, se\u00f1al\u00f3: \"Nada, agradecerles a todos, abuelita, mir\u00e1 qu\u00e9 linda la vueltita que doy para vos siempre, te mando un besito muy grande\". <\/p>\n","protected":false},"excerpt":{"rendered":"<p>En su primera participaci\u00f3n del programa&nbsp;Almorzando...&nbsp;este domingo luego de la muerte de su hermana&nbsp;Goldy&nbsp;,&nbsp;Mirtha Legrand&nbsp;le hizo, por v\u00eda telef\u00f3nica, un curioso pedido a su nieta y ahora conductora del ciclo,&nbsp;Juana Viale&nbsp;. Despu\u00e9s de felicitarla por su trabajo,\u00a0Mirtha\u00a0le insisti\u00f3 a Juanita: \"Mostr\u00e1 la ropa dos veces. Est\u00e1s tan bien vestida\". Sobre la petici\u00f3n de su abuela,&nbsp;Juana&nbsp;aclar\u00f3: [&hellip;]<\/p>\n","protected":false},"author":40,"featured_media":245623,"comment_status":"open","ping_status":"open","sticky":false,"template":"","format":"standard","meta":{"_stopmodifiedupdate":false,"_modified_date":"","inline_featured_image":false,"spay_email":"","jetpack_publicize_message":""},"categories":[21],"tags":[],"jetpack_featured_media_url":"https:\/\/notinor.com\/jujuy\/wp-content\/uploads\/2020\/06\/3282643w1033.png","jetpack_publicize_connections":[],"_links":{"self":[{"href":"https:\/\/notinor.com\/jujuy\/wp-json\/wp\/v2\/posts\/245622"}],"collection":[{"href":"https:\/\/notinor.com\/jujuy\/wp-json\/wp\/v2\/posts"}],"about":[{"href":"https:\/\/notinor.com\/jujuy\/wp-json\/wp\/v2\/types\/post"}],"author":[{"embeddable":true,"href":"https:\/\/notinor.com\/jujuy\/wp-json\/wp\/v2\/users\/40"}],"replies":[{"embeddable":true,"href":"https:\/\/notinor.com\/jujuy\/wp-json\/wp\/v2\/comments?post=245622"}],"version-history":[{"count":1,"href":"https:\/\/notinor.com\/jujuy\/wp-json\/wp\/v2\/posts\/245622\/revisions"}],"predecessor-version":[{"id":245624,"href":"https:\/\/notinor.com\/jujuy\/wp-json\/wp\/v2\/posts\/245622\/revisions\/245624"}],"wp:featuredmedia":[{"embeddable":true,"href":"https:\/\/notinor.com\/jujuy\/wp-json\/wp\/v2\/media\/245623"}],"wp:attachment":[{"href":"https:\/\/notinor.com\/jujuy\/wp-json\/wp\/v2\/media?parent=245622"}],"wp:term":[{"taxonomy":"category","embeddable":true,"href":"https:\/\/notinor.com\/jujuy\/wp-json\/wp\/v2\/categories?post=245622"},{"taxonomy":"post_tag","embeddable":true,"href":"https:\/\/notinor.com\/jujuy\/wp-json\/wp\/v2\/tags?post=245622"}],"curies":[{"name":"wp","href":"https:\/\/api.w.org\/{rel}","templated":true}]}}