{"id":245615,"date":"2020-06-15T17:38:02","date_gmt":"2020-06-15T20:38:02","guid":{"rendered":"https:\/\/notinor.com\/jujuy\/?p=245615"},"modified":"2020-06-15T17:38:07","modified_gmt":"2020-06-15T20:38:07","slug":"dan-a-conocer-al-gobierno-paraguayo-las-medidas-de-ingreso-para-el-transporte-internacional-adoptadas-por-jujuy","status":"publish","type":"post","link":"https:\/\/notinor.com\/jujuy\/dan-a-conocer-al-gobierno-paraguayo-las-medidas-de-ingreso-para-el-transporte-internacional-adoptadas-por-jujuy\/","title":{"rendered":"Dan a conocer al gobierno paraguayo las medidas de ingreso para el transporte internacional adoptadas por Jujuy"},"content":{"rendered":"\n<p>En el marco de las medidas restrictivas de circulaci\u00f3n e ingreso que existen en los l\u00edmites de nuestra provincia y Salta y la frontera con Chile, vigentes para preservar la seguridad sanitaria de Jujuy, el Defensor del Pueblo Adjunto de la Rep\u00fablica de Paraguay recibi\u00f3 un informe del Defensor del Pueblo de Jujuy, Javier de Bedia, en el que le explicit\u00f3 los controles sanitarios que se aplican en nuestro territorio a los choferes del transporte de carga que transitan por rutas juje\u00f1as con destino a Paraguay y Chile.<\/p>\n\n\n\n<figure class=\"wp-block-image size-large\"><img decoding=\"async\" loading=\"lazy\" width=\"601\" height=\"642\" src=\"https:\/\/i2.wp.com\/notinor.com\/jujuy\/wp-content\/uploads\/2020\/06\/bedia1.jpg?fit=449%2C480&amp;ssl=1\" alt=\"\" class=\"wp-image-245616\" srcset=\"https:\/\/notinor.com\/jujuy\/wp-content\/uploads\/2020\/06\/bedia1.jpg 601w, https:\/\/notinor.com\/jujuy\/wp-content\/uploads\/2020\/06\/bedia1-342x365.jpg 342w, https:\/\/notinor.com\/jujuy\/wp-content\/uploads\/2020\/06\/bedia1-449x480.jpg 449w\" sizes=\"(max-width: 601px) 100vw, 601px\" \/><\/figure>\n\n\n\n<p>La misiva de de Bedia se origin\u00f3 a partir de una solicitud realizada por Carlos Vera Bordaberry, quien pidi\u00f3 la intervenci\u00f3n de la Defensor\u00eda del Pueblo de Jujuy ante la problem\u00e1tica planteada respecto a los conductores de camiones imposibilitados de ingresar a nuestra provincia. En el informe, el ombudsman juje\u00f1o le se\u00f1al\u00f3 al Defensor Adjunto de Paraguay que el tr\u00e1nsito para los mismos fue liberado en las \u00faltimas horas bajo estrictas medidas de seguridad.<\/p>\n\n\n\n<p>En ese marco, de Bedia le inform\u00f3 que, siguiendo los protocolos emanados por la provincia de Jujuy, al ingreso a nuestro territorio de los veh\u00edculos de carga procedentes de Paraguay con destino a Chile, sus conductores ser\u00e1n sometidos a un test r\u00e1pido autorizando su posterior marcha, no pudiendo detenerse hasta el Complejo Binacional de Jama.<\/p>\n\n\n\n<p>Asimismo, le se\u00f1al\u00f3 que los ocupantes de los veh\u00edculos con destino a Jujuy tambi\u00e9n ser\u00e1n controlados a trav\u00e9s de un testeo r\u00e1pido a su ingreso a la provincia, siendo escoltados hasta el punto de carga o descarga bajo el cumplimiento del protocolo de aislamiento establecido por el municipio o la empresa correspondiente.<\/p>\n\n\n\n<p>En caso de veh\u00edculos que regresen de Chile a la Rep\u00fablica del Paraguay, le indic\u00f3 que al ingresar por el Complejo Binacional Jama, sus ocupantes deber\u00e1n realizar el test r\u00e1pido y circular hasta el l\u00edmite con la provincia de Salta sin detener el rodado.<\/p>\n\n\n\n<p>De Bedia tambi\u00e9n le hizo saber al defensor paraguayo un informe brindado por autoridades chilenas de la gobernaci\u00f3n de El Loa que comunicaron sobre la prohibici\u00f3n de ingresar a Chile para los transportistas de carga que tienen como destino Per\u00fa, en virtud del cierre de las fronteras de ambos pa\u00edses. En este caso, le advirti\u00f3 que deber\u00e1n acreditar fehacientemente para el ingreso a Chile su destino y portar certificado sanitario de COVID-19 negativo.<\/p>\n\n\n\n<p>Por todo lo expuesto, de Bedia le sugiri\u00f3 a su par paraguayo que hiciera conocer estas condiciones de ingreso a los ciudadanos de aquel pa\u00eds, \u201cpara de esta forma evitar cualquier inconveniente\u201d y le anticip\u00f3 que lo mantendr\u00e1 al d\u00eda con cualquier modificaci\u00f3n que se pueda producir en las medidas para preservar la seguridad sanitaria de Jujuy.<\/p>\n","protected":false},"excerpt":{"rendered":"<p>En el marco de las medidas restrictivas de circulaci\u00f3n e ingreso que existen en los l\u00edmites de nuestra provincia y Salta y la frontera con Chile, vigentes para preservar la seguridad sanitaria de Jujuy, el Defensor del Pueblo Adjunto de la Rep\u00fablica de Paraguay recibi\u00f3 un informe del Defensor del Pueblo de Jujuy, Javier de [&hellip;]<\/p>\n","protected":false},"author":1,"featured_media":245616,"comment_status":"open","ping_status":"open","sticky":false,"template":"","format":"standard","meta":{"_stopmodifiedupdate":false,"_modified_date":"","inline_featured_image":false,"spay_email":"","jetpack_publicize_message":"Se aplican en nuestro territorio a los choferes del transporte de carga que transitan por rutas juje\u00f1as con destino a Paraguay y Chile."},"categories":[514],"tags":[],"jetpack_featured_media_url":"https:\/\/notinor.com\/jujuy\/wp-content\/uploads\/2020\/06\/bedia1.jpg","jetpack_publicize_connections":[],"_links":{"self":[{"href":"https:\/\/notinor.com\/jujuy\/wp-json\/wp\/v2\/posts\/245615"}],"collection":[{"href":"https:\/\/notinor.com\/jujuy\/wp-json\/wp\/v2\/posts"}],"about":[{"href":"https:\/\/notinor.com\/jujuy\/wp-json\/wp\/v2\/types\/post"}],"author":[{"embeddable":true,"href":"https:\/\/notinor.com\/jujuy\/wp-json\/wp\/v2\/users\/1"}],"replies":[{"embeddable":true,"href":"https:\/\/notinor.com\/jujuy\/wp-json\/wp\/v2\/comments?post=245615"}],"version-history":[{"count":1,"href":"https:\/\/notinor.com\/jujuy\/wp-json\/wp\/v2\/posts\/245615\/revisions"}],"predecessor-version":[{"id":245617,"href":"https:\/\/notinor.com\/jujuy\/wp-json\/wp\/v2\/posts\/245615\/revisions\/245617"}],"wp:featuredmedia":[{"embeddable":true,"href":"https:\/\/notinor.com\/jujuy\/wp-json\/wp\/v2\/media\/245616"}],"wp:attachment":[{"href":"https:\/\/notinor.com\/jujuy\/wp-json\/wp\/v2\/media?parent=245615"}],"wp:term":[{"taxonomy":"category","embeddable":true,"href":"https:\/\/notinor.com\/jujuy\/wp-json\/wp\/v2\/categories?post=245615"},{"taxonomy":"post_tag","embeddable":true,"href":"https:\/\/notinor.com\/jujuy\/wp-json\/wp\/v2\/tags?post=245615"}],"curies":[{"name":"wp","href":"https:\/\/api.w.org\/{rel}","templated":true}]}}