{"id":245603,"date":"2020-06-15T17:06:15","date_gmt":"2020-06-15T20:06:15","guid":{"rendered":"https:\/\/notinor.com\/jujuy\/?p=245603"},"modified":"2020-06-15T17:06:21","modified_gmt":"2020-06-15T20:06:21","slug":"se-celebraron-las-fiestas-patronales-en-honor-a-san-antonio-de-padua","status":"publish","type":"post","link":"https:\/\/notinor.com\/jujuy\/se-celebraron-las-fiestas-patronales-en-honor-a-san-antonio-de-padua\/","title":{"rendered":"Se celebraron las fiestas patronales en honor a San Antonio de Padua"},"content":{"rendered":"\n<h2>La festividad inicio el 4 de junio y culmino con serenata transmitida por las redes sociales <\/h2>\n\n\n\n<figure class=\"wp-block-image size-large\"><img decoding=\"async\" loading=\"lazy\" width=\"720\" height=\"480\" src=\"https:\/\/notinor.com\/jujuy\/wp-content\/uploads\/2020\/06\/104217266_635828183670892_2187910435264514672_o-720x480.jpg\" alt=\"\" class=\"wp-image-245604\" srcset=\"https:\/\/notinor.com\/jujuy\/wp-content\/uploads\/2020\/06\/104217266_635828183670892_2187910435264514672_o-720x480.jpg 720w, https:\/\/notinor.com\/jujuy\/wp-content\/uploads\/2020\/06\/104217266_635828183670892_2187910435264514672_o-548x365.jpg 548w, https:\/\/notinor.com\/jujuy\/wp-content\/uploads\/2020\/06\/104217266_635828183670892_2187910435264514672_o-768x512.jpg 768w, https:\/\/notinor.com\/jujuy\/wp-content\/uploads\/2020\/06\/104217266_635828183670892_2187910435264514672_o-400x266.jpg 400w, https:\/\/notinor.com\/jujuy\/wp-content\/uploads\/2020\/06\/104217266_635828183670892_2187910435264514672_o.jpg 960w\" sizes=\"(max-width: 720px) 100vw, 720px\" \/><\/figure>\n\n\n\n<p>En un marco distinto como consecuencia de la pandemia del\nCOVID-19, San Antonio festej\u00f3 de una manera genuina y representativa sus\nfiestas en honor a su Santo Patrono. La sencillez y lo aut\u00e9ntico de su pueblo\nson lo distintivo, en una de las manifestaciones religiosas m\u00e1s importantes de\nla provincia.<\/p>\n\n\n\n<p>Los festejos se iniciaron el 4 de junio y el viernes se\ndesarroll\u00f3, a trav\u00e9s de transmisiones online, la&nbsp;Serenata a San Antonio\u201d con una\ncartelera de m\u00fasicos y cuerpos de danzas acordes a la ocasi\u00f3n.<\/p>\n\n\n\n<figure class=\"wp-block-image size-large\"><img decoding=\"async\" loading=\"lazy\" width=\"960\" height=\"640\" src=\"https:\/\/i0.wp.com\/notinor.com\/jujuy\/wp-content\/uploads\/2020\/06\/104432505_635828110337566_8691234811940436785_o.jpg?fit=720%2C480&amp;ssl=1\" alt=\"\" class=\"wp-image-245605\" srcset=\"https:\/\/notinor.com\/jujuy\/wp-content\/uploads\/2020\/06\/104432505_635828110337566_8691234811940436785_o.jpg 960w, https:\/\/notinor.com\/jujuy\/wp-content\/uploads\/2020\/06\/104432505_635828110337566_8691234811940436785_o-548x365.jpg 548w, https:\/\/notinor.com\/jujuy\/wp-content\/uploads\/2020\/06\/104432505_635828110337566_8691234811940436785_o-720x480.jpg 720w, https:\/\/notinor.com\/jujuy\/wp-content\/uploads\/2020\/06\/104432505_635828110337566_8691234811940436785_o-768x512.jpg 768w, https:\/\/notinor.com\/jujuy\/wp-content\/uploads\/2020\/06\/104432505_635828110337566_8691234811940436785_o-400x266.jpg 400w\" sizes=\"(max-width: 960px) 100vw, 960px\" \/><\/figure>\n\n\n\n<p>Respetando las normas de\nresguardo establecidas por el COE, se realiz\u00f3 los actos centrales encabezados\npor el Intendente, \u00c1lvaro de Bedia, funcionarios y concejales de la localidad,\ncon el izamiento de la bandera nacional. Acto seguido los presentes entonaron\nel himno nacional argentino. Luego movidos por la religiosidad y devoci\u00f3n se\ncelebr\u00f3 la misa del peregrino en la Iglesia de la Inmaculada Concepci\u00f3n a cargo\ndel obispo Fern\u00e1ndez.<\/p>\n\n\n\n<p>Recordemos que por motivos que\nobedecen a las disposiciones del estado de emergencia sanitaria y\nepidemiol\u00f3gica dispuesta por el Poder Ejecutivo Provincial no se pudo realizar\nla tradicional procesi\u00f3n por las calles principales del pueblo.<\/p>\n\n\n\n<figure class=\"wp-block-image size-large\"><img decoding=\"async\" loading=\"lazy\" width=\"960\" height=\"640\" src=\"https:\/\/i2.wp.com\/notinor.com\/jujuy\/wp-content\/uploads\/2020\/06\/104235609_635828617004182_7988974157383085611_o.jpg?fit=720%2C480&amp;ssl=1\" alt=\"\" class=\"wp-image-245606\" srcset=\"https:\/\/notinor.com\/jujuy\/wp-content\/uploads\/2020\/06\/104235609_635828617004182_7988974157383085611_o.jpg 960w, https:\/\/notinor.com\/jujuy\/wp-content\/uploads\/2020\/06\/104235609_635828617004182_7988974157383085611_o-548x365.jpg 548w, https:\/\/notinor.com\/jujuy\/wp-content\/uploads\/2020\/06\/104235609_635828617004182_7988974157383085611_o-720x480.jpg 720w, https:\/\/notinor.com\/jujuy\/wp-content\/uploads\/2020\/06\/104235609_635828617004182_7988974157383085611_o-768x512.jpg 768w, https:\/\/notinor.com\/jujuy\/wp-content\/uploads\/2020\/06\/104235609_635828617004182_7988974157383085611_o-400x266.jpg 400w\" sizes=\"(max-width: 960px) 100vw, 960px\" \/><\/figure>\n\n\n\n<p>En la oportunidad, organizado por\nla municipalidad, tambi\u00e9n se entreg\u00f3 al p\u00fablico presente un chocolate y luego\nse les ofreci\u00f3 un muy rico locro, que sirvieron para paliar una jornada fr\u00eda y\nlluviosa.<\/p>\n\n\n\n<figure class=\"wp-block-image size-large\"><img decoding=\"async\" loading=\"lazy\" width=\"960\" height=\"720\" src=\"https:\/\/i1.wp.com\/notinor.com\/jujuy\/wp-content\/uploads\/2020\/06\/103850690_635830077004036_3061229716407417554_o.jpg?fit=640%2C480&amp;ssl=1\" alt=\"\" class=\"wp-image-245607\" srcset=\"https:\/\/notinor.com\/jujuy\/wp-content\/uploads\/2020\/06\/103850690_635830077004036_3061229716407417554_o.jpg 960w, https:\/\/notinor.com\/jujuy\/wp-content\/uploads\/2020\/06\/103850690_635830077004036_3061229716407417554_o-487x365.jpg 487w, https:\/\/notinor.com\/jujuy\/wp-content\/uploads\/2020\/06\/103850690_635830077004036_3061229716407417554_o-640x480.jpg 640w, https:\/\/notinor.com\/jujuy\/wp-content\/uploads\/2020\/06\/103850690_635830077004036_3061229716407417554_o-768x576.jpg 768w\" sizes=\"(max-width: 960px) 100vw, 960px\" \/><\/figure>\n\n\n\n<p>Adem\u00e1s, En el marco de la\nconmemoraci\u00f3n mundial por el D\u00eda de la Erradicaci\u00f3n del Trabajo Infantil, la\nMunicipalidad de San Antonio, el Concejo Deliberante y la Comisi\u00f3n para la\nPrevenci\u00f3n y Erradicaci\u00f3n del Trabajo Infantil (COPRETI), organizaron una\nPintada de murales con artistas pl\u00e1sticos que den cuenta en sus creaciones,\nsobre la problem\u00e1tica mencionada denominado Proyecto \u201cManos a la Obra\u201d.<\/p>\n","protected":false},"excerpt":{"rendered":"<p>La festividad inicio el 4 de junio y culmino con serenata transmitida por las redes sociales En un marco distinto como consecuencia de la pandemia del COVID-19, San Antonio festej\u00f3 de una manera genuina y representativa sus fiestas en honor a su Santo Patrono. La sencillez y lo aut\u00e9ntico de su pueblo son lo distintivo, [&hellip;]<\/p>\n","protected":false},"author":1,"featured_media":245604,"comment_status":"open","ping_status":"open","sticky":false,"template":"","format":"standard","meta":{"_stopmodifiedupdate":false,"_modified_date":"","inline_featured_image":false,"spay_email":"","jetpack_publicize_message":""},"categories":[4],"tags":[],"jetpack_featured_media_url":"https:\/\/notinor.com\/jujuy\/wp-content\/uploads\/2020\/06\/104217266_635828183670892_2187910435264514672_o.jpg","jetpack_publicize_connections":[],"_links":{"self":[{"href":"https:\/\/notinor.com\/jujuy\/wp-json\/wp\/v2\/posts\/245603"}],"collection":[{"href":"https:\/\/notinor.com\/jujuy\/wp-json\/wp\/v2\/posts"}],"about":[{"href":"https:\/\/notinor.com\/jujuy\/wp-json\/wp\/v2\/types\/post"}],"author":[{"embeddable":true,"href":"https:\/\/notinor.com\/jujuy\/wp-json\/wp\/v2\/users\/1"}],"replies":[{"embeddable":true,"href":"https:\/\/notinor.com\/jujuy\/wp-json\/wp\/v2\/comments?post=245603"}],"version-history":[{"count":1,"href":"https:\/\/notinor.com\/jujuy\/wp-json\/wp\/v2\/posts\/245603\/revisions"}],"predecessor-version":[{"id":245608,"href":"https:\/\/notinor.com\/jujuy\/wp-json\/wp\/v2\/posts\/245603\/revisions\/245608"}],"wp:featuredmedia":[{"embeddable":true,"href":"https:\/\/notinor.com\/jujuy\/wp-json\/wp\/v2\/media\/245604"}],"wp:attachment":[{"href":"https:\/\/notinor.com\/jujuy\/wp-json\/wp\/v2\/media?parent=245603"}],"wp:term":[{"taxonomy":"category","embeddable":true,"href":"https:\/\/notinor.com\/jujuy\/wp-json\/wp\/v2\/categories?post=245603"},{"taxonomy":"post_tag","embeddable":true,"href":"https:\/\/notinor.com\/jujuy\/wp-json\/wp\/v2\/tags?post=245603"}],"curies":[{"name":"wp","href":"https:\/\/api.w.org\/{rel}","templated":true}]}}