{"id":245384,"date":"2020-06-12T21:13:00","date_gmt":"2020-06-13T00:13:00","guid":{"rendered":"https:\/\/notinor.com\/jujuy\/?p=245384"},"modified":"2020-06-14T11:17:42","modified_gmt":"2020-06-14T14:17:42","slug":"dia-mundial-contra-el-trabajo-infantil-2","status":"publish","type":"post","link":"https:\/\/notinor.com\/jujuy\/dia-mundial-contra-el-trabajo-infantil-2\/","title":{"rendered":"D\u00eda Mundial contra el Trabajo Infantil"},"content":{"rendered":"\n<p>La Municipalidad de San Salvador de Jujuy, a trav\u00e9s de la\ndirecci\u00f3n de Ni\u00f1ez y Adolescencia, dependiente de la secretar\u00eda de Desarrollo\nHumano, trabaja continuamente en la promoci\u00f3n y concientizaci\u00f3n de los derechos\nde los ni\u00f1os.<\/p>\n\n\n\n<figure class=\"wp-block-image size-large\"><img decoding=\"async\" loading=\"lazy\" width=\"773\" height=\"480\" src=\"https:\/\/notinor.com\/jujuy\/wp-content\/uploads\/2020\/06\/trabajo-infantil-773x480.jpeg\" alt=\"\" class=\"wp-image-245385\" srcset=\"https:\/\/notinor.com\/jujuy\/wp-content\/uploads\/2020\/06\/trabajo-infantil-773x480.jpeg 773w, https:\/\/notinor.com\/jujuy\/wp-content\/uploads\/2020\/06\/trabajo-infantil-587x365.jpeg 587w, https:\/\/notinor.com\/jujuy\/wp-content\/uploads\/2020\/06\/trabajo-infantil-768x477.jpeg 768w, https:\/\/notinor.com\/jujuy\/wp-content\/uploads\/2020\/06\/trabajo-infantil.jpeg 1146w\" sizes=\"(max-width: 773px) 100vw, 773px\" \/><\/figure>\n\n\n\n<p class=\"has-background has-vivid-cyan-blue-background-color\"><strong>Sobre este tema la directora de Ni\u00f1ez y Adolescencia de la Municipalidad de San Salvador de Jujuy, Bel\u00e9n G\u00f3mez, explic\u00f3 que la Organizaci\u00f3n Internacional del Trabajo instaur\u00f3 el d\u00eda 12 de junio el D\u00eda Mundial Contra el Trabajo Infantil, \u201ceste d\u00eda es una buena ocasi\u00f3n para concientizar una vez m\u00e1s sobre todos los derechos de los ni\u00f1os y por este motivo desde la direcci\u00f3n trabajamos constantemente en la promoci\u00f3n de estos derechos\u201d.<\/strong><\/p>\n\n\n\n<p>Adem\u00e1s G\u00f3mez inform\u00f3 que contin\u00faan trabajando a pesar de la\nactual pandemia, \u201cadem\u00e1s quiero recordar que tenemos una l\u00ednea telef\u00f3nica\npermanente que es 154400837 de lunes a viernes de 8 a 20 hs. para realizar\nconsultas, pedir asesoramiento a nuestro equipo interdisciplinario compuesto\npor: abogados, psic\u00f3logos y trabajadores sociales que est\u00e1n a disposici\u00f3n de\ncualquier consulta\u201d.<\/p>\n","protected":false},"excerpt":{"rendered":"<p>La Municipalidad de San Salvador de Jujuy, a trav\u00e9s de la direcci\u00f3n de Ni\u00f1ez y Adolescencia, dependiente de la secretar\u00eda de Desarrollo Humano, trabaja continuamente en la promoci\u00f3n y concientizaci\u00f3n de los derechos de los ni\u00f1os. Sobre este tema la directora de Ni\u00f1ez y Adolescencia de la Municipalidad de San Salvador de Jujuy, Bel\u00e9n G\u00f3mez, [&hellip;]<\/p>\n","protected":false},"author":5,"featured_media":245385,"comment_status":"open","ping_status":"open","sticky":false,"template":"","format":"standard","meta":{"_stopmodifiedupdate":false,"_modified_date":"","inline_featured_image":false,"spay_email":"","jetpack_publicize_message":"La Municipalidad de San Salvador de Jujuy, a trav\u00e9s de la direcci\u00f3n de Ni\u00f1ez y Adolescencia, dependiente de la secretar\u00eda de Desarrollo Humano, trabaja continuamente en la promoci\u00f3n y concientizaci\u00f3n de los derechos de los ni\u00f1os."},"categories":[514],"tags":[],"jetpack_featured_media_url":"https:\/\/notinor.com\/jujuy\/wp-content\/uploads\/2020\/06\/trabajo-infantil.jpeg","jetpack_publicize_connections":[],"_links":{"self":[{"href":"https:\/\/notinor.com\/jujuy\/wp-json\/wp\/v2\/posts\/245384"}],"collection":[{"href":"https:\/\/notinor.com\/jujuy\/wp-json\/wp\/v2\/posts"}],"about":[{"href":"https:\/\/notinor.com\/jujuy\/wp-json\/wp\/v2\/types\/post"}],"author":[{"embeddable":true,"href":"https:\/\/notinor.com\/jujuy\/wp-json\/wp\/v2\/users\/5"}],"replies":[{"embeddable":true,"href":"https:\/\/notinor.com\/jujuy\/wp-json\/wp\/v2\/comments?post=245384"}],"version-history":[{"count":1,"href":"https:\/\/notinor.com\/jujuy\/wp-json\/wp\/v2\/posts\/245384\/revisions"}],"predecessor-version":[{"id":245386,"href":"https:\/\/notinor.com\/jujuy\/wp-json\/wp\/v2\/posts\/245384\/revisions\/245386"}],"wp:featuredmedia":[{"embeddable":true,"href":"https:\/\/notinor.com\/jujuy\/wp-json\/wp\/v2\/media\/245385"}],"wp:attachment":[{"href":"https:\/\/notinor.com\/jujuy\/wp-json\/wp\/v2\/media?parent=245384"}],"wp:term":[{"taxonomy":"category","embeddable":true,"href":"https:\/\/notinor.com\/jujuy\/wp-json\/wp\/v2\/categories?post=245384"},{"taxonomy":"post_tag","embeddable":true,"href":"https:\/\/notinor.com\/jujuy\/wp-json\/wp\/v2\/tags?post=245384"}],"curies":[{"name":"wp","href":"https:\/\/api.w.org\/{rel}","templated":true}]}}