{"id":245241,"date":"2020-06-13T17:25:26","date_gmt":"2020-06-13T20:25:26","guid":{"rendered":"https:\/\/notinor.com\/jujuy\/?p=245241"},"modified":"2020-08-24T12:21:01","modified_gmt":"2020-08-24T15:21:01","slug":"samanta-gano-bake-off-un-video-subido-por-la-participante-desato-un-enorme-escandalo","status":"publish","type":"post","link":"https:\/\/notinor.com\/jujuy\/samanta-gano-bake-off-un-video-subido-por-la-participante-desato-un-enorme-escandalo\/","title":{"rendered":"\u00bfSamanta gan\u00f3 Bake Off? un video subido por la participante desat\u00f3 un enorme esc\u00e1ndalo"},"content":{"rendered":"\n<p>Un video desat\u00f3 la pol\u00e9mica sobre la posibilidad de que el nombre del ganador de la segunda temporada de\u00a0Bake Off Argentina\u00a0se haya\u00a0filtrado.<\/p>\n\n\n\n<p>Samanta Casais,\u00a0Agus Fontenla,\u00a0Dami\u00e1n Pier Basile\u00a0y\u00a0Agustina Guz\u00a0son los semifinalistas\u00a0que siguen en concurso para ver qui\u00e9n es el mejor pastelero amateur del pa\u00eds, pero recordemos que el reality fue grabado en 2019, y reci\u00e9n sali\u00f3 al aire este a\u00f1o.<\/p>\n\n\n\n<figure class=\"wp-block-image\"><img decoding=\"async\" src=\"https:\/\/www.diariodecuyo.com.ar\/export\/sites\/diariodecuyo\/img\/2020\/06\/13\/evz6jhbuyai6r5n.jpg_952747841.jpg\" alt=\"\"\/><\/figure>\n\n\n\n<p>Este es un video que prepar\u00e9 y que realmente quiero compartir con ustedes. Me cost\u00f3 un mont\u00f3n llegar a tener esta cocina y realmente mostrarles y que conozcan mi lugar de trabajo: donde preparo las recetas, saco las fotos, filmo los videos...\u00a1Todo!\u201d, escribi\u00f3\u00a0Samanta\u00a0empleada\u00a0admnistrativa\u00a0aficionada a la pasteler\u00eda, feliz de la vida por c\u00f3mo renov\u00f3 su casa. Sin embargo, la recepci\u00f3n de muchos de los fan\u00e1ticos del\u00a0reality\u00a0fue otra, ya que llegaron a\u00a0la conclusi\u00f3n de que pudo hacer los arreglos gracias al dinero que cobr\u00f3 por ganar\u00a0Bake\u00a0Off:\u00a0600 mil pesos.<\/p>\n\n\n\n<figure><iframe loading=\"lazy\" allowfullscreen=\"\" height=\"315\" src=\"https:\/\/www.youtube.com\/embed\/H-faPd92llU\" width=\"560\"><\/iframe><\/figure>\n\n\n\n<p><strong>R\u00e1pidamente,&nbsp;Twitter&nbsp;se convirti\u00f3 en escenario de las opiniones de muchos usuarios<\/strong>&nbsp;que se expresaron ante el presunto triunfo de&nbsp;Sami.<\/p>\n\n\n\n<figure class=\"wp-block-image\"><img decoding=\"async\" src=\"https:\/\/www.diariodecuyo.com.ar\/export\/sites\/diariodecuyo\/img\/2020\/06\/13\/bake-off-argentina-2020-0612-970934.jpg_1056158955.jpg\" alt=\"\"\/><\/figure>\n\n\n\n<p>Seg\u00fan las fuentes a las que tuvo acceso&nbsp;Exito\u00edna,&nbsp;que dieron como verdad las sospechas de las redes, los rumores son ciertos y&nbsp;Samanta&nbsp;se habr\u00eda coronado como la ganadora de&nbsp;Bake Off.<\/p>\n","protected":false},"excerpt":{"rendered":"<p>Un video desat\u00f3 la pol\u00e9mica sobre la posibilidad de que el nombre del ganador de la segunda temporada de\u00a0Bake Off Argentina\u00a0se haya\u00a0filtrado. Samanta Casais,\u00a0Agus Fontenla,\u00a0Dami\u00e1n Pier Basile\u00a0y\u00a0Agustina Guz\u00a0son los semifinalistas\u00a0que siguen en concurso para ver qui\u00e9n es el mejor pastelero amateur del pa\u00eds, pero recordemos que el reality fue grabado en 2019, y reci\u00e9n sali\u00f3 [&hellip;]<\/p>\n","protected":false},"author":1,"featured_media":245242,"comment_status":"open","ping_status":"open","sticky":false,"template":"","format":"standard","meta":{"_stopmodifiedupdate":false,"_modified_date":"","inline_featured_image":false,"spay_email":"","jetpack_publicize_message":"Un anuncio alrededor del popular reality de cocina gener\u00f3 sospechas que estallaron en las redes. Mir\u00e1 el video y sac\u00e1 tus propias conclusiones. "},"categories":[21],"tags":[],"jetpack_featured_media_url":"https:\/\/notinor.com\/jujuy\/wp-content\/uploads\/2020\/06\/SAMANTA.jpeg","jetpack_publicize_connections":[],"_links":{"self":[{"href":"https:\/\/notinor.com\/jujuy\/wp-json\/wp\/v2\/posts\/245241"}],"collection":[{"href":"https:\/\/notinor.com\/jujuy\/wp-json\/wp\/v2\/posts"}],"about":[{"href":"https:\/\/notinor.com\/jujuy\/wp-json\/wp\/v2\/types\/post"}],"author":[{"embeddable":true,"href":"https:\/\/notinor.com\/jujuy\/wp-json\/wp\/v2\/users\/1"}],"replies":[{"embeddable":true,"href":"https:\/\/notinor.com\/jujuy\/wp-json\/wp\/v2\/comments?post=245241"}],"version-history":[{"count":1,"href":"https:\/\/notinor.com\/jujuy\/wp-json\/wp\/v2\/posts\/245241\/revisions"}],"predecessor-version":[{"id":245243,"href":"https:\/\/notinor.com\/jujuy\/wp-json\/wp\/v2\/posts\/245241\/revisions\/245243"}],"wp:featuredmedia":[{"embeddable":true,"href":"https:\/\/notinor.com\/jujuy\/wp-json\/wp\/v2\/media\/245242"}],"wp:attachment":[{"href":"https:\/\/notinor.com\/jujuy\/wp-json\/wp\/v2\/media?parent=245241"}],"wp:term":[{"taxonomy":"category","embeddable":true,"href":"https:\/\/notinor.com\/jujuy\/wp-json\/wp\/v2\/categories?post=245241"},{"taxonomy":"post_tag","embeddable":true,"href":"https:\/\/notinor.com\/jujuy\/wp-json\/wp\/v2\/tags?post=245241"}],"curies":[{"name":"wp","href":"https:\/\/api.w.org\/{rel}","templated":true}]}}