{"id":245227,"date":"2020-06-13T17:33:19","date_gmt":"2020-06-13T20:33:19","guid":{"rendered":"https:\/\/notinor.com\/jujuy\/?p=245227"},"modified":"2020-06-13T17:33:23","modified_gmt":"2020-06-13T20:33:23","slug":"el-futuro-de-las-ferias-de-arte-sera-hibrido-segun-art-basel","status":"publish","type":"post","link":"https:\/\/notinor.com\/jujuy\/el-futuro-de-las-ferias-de-arte-sera-hibrido-segun-art-basel\/","title":{"rendered":"El futuro de las ferias de arte ser\u00e1 \"h\u00edbrido\", seg\u00fan Art Basel"},"content":{"rendered":"\n<p>Va a ser h\u00edbrido: una interacci\u00f3n entre el mundo digital y presencial que ser\u00e1 muy beneficiosa\". Con ese optimismo se refiri\u00f3 al\u00a0futuro de las ferias\u00a0de arte Noah Horowitz, director para las Am\u00e9ricas y miembro del Comit\u00e9 Ejecutivo de\u00a0Art Basel\u00a0,\u00a0la m\u00e1s importante del mundo\u00a0, al referirse a las consecuencias de la\u00a0crisis\u00a0global provocada por la\u00a0pandemia\u00a0del\u00a0coronavirus.<\/p>\n\n\n\n<p>\"La tecnolog\u00eda lleg\u00f3 para quedarse, no es algo secundario. Va a transformar todas las \u00e1reas de la vida. Lo digital tendr\u00e1 un papel m\u00e1s importante\", agreg\u00f3 durante una charla p\u00fablica y virtual con\u00a0Alec Oxenford\u00a0, coleccionista y miembro de\u00a0arteBA Fundaci\u00f3n\u00a0, en la cual se\u00f1al\u00f3 que est\u00e1 creciendo el\u00a0consumo online\u00a0.<\/p>\n\n\n\n<p> Sin embargo, defendi\u00f3 a su vez la importancia de la presencia f\u00edsica ante la obra y el contacto directo con\u00a0artistas, coleccionistas, curadores y galeristas\u00a0. \"Esto se est\u00e1 produciendo en tiempo real. Toda la informaci\u00f3n est\u00e1 cambiando d\u00eda a d\u00eda, como la mentalidad de nuestros clientes. El hecho de que podamos brindar un entorno seguro no quiere decir que la gente se vaya a animar a viajar\", aclar\u00f3, con precauci\u00f3n. <\/p>\n\n\n\n<figure class=\"wp-block-image size-large\"><img decoding=\"async\" loading=\"lazy\" width=\"740\" height=\"493\" src=\"https:\/\/i2.wp.com\/notinor.com\/jujuy\/wp-content\/uploads\/2020\/06\/3280375w1033-1-1.jpg?fit=720%2C480&amp;ssl=1\" alt=\"\" class=\"wp-image-245245\" srcset=\"https:\/\/notinor.com\/jujuy\/wp-content\/uploads\/2020\/06\/3280375w1033-1-1.jpg 740w, https:\/\/notinor.com\/jujuy\/wp-content\/uploads\/2020\/06\/3280375w1033-1-1-548x365.jpg 548w, https:\/\/notinor.com\/jujuy\/wp-content\/uploads\/2020\/06\/3280375w1033-1-1-720x480.jpg 720w, https:\/\/notinor.com\/jujuy\/wp-content\/uploads\/2020\/06\/3280375w1033-1-1-400x266.jpg 400w\" sizes=\"(max-width: 740px) 100vw, 740px\" \/><\/figure>\n\n\n\n<figure class=\"wp-block-image size-large\"><img decoding=\"async\" loading=\"lazy\" width=\"1033\" height=\"688\" src=\"https:\/\/i2.wp.com\/notinor.com\/jujuy\/wp-content\/uploads\/2020\/06\/3280375w1033-1.jpg?fit=721%2C480&amp;ssl=1\" alt=\"\" class=\"wp-image-245244\" srcset=\"https:\/\/notinor.com\/jujuy\/wp-content\/uploads\/2020\/06\/3280375w1033-1.jpg 1033w, https:\/\/notinor.com\/jujuy\/wp-content\/uploads\/2020\/06\/3280375w1033-1-548x365.jpg 548w, https:\/\/notinor.com\/jujuy\/wp-content\/uploads\/2020\/06\/3280375w1033-1-721x480.jpg 721w, https:\/\/notinor.com\/jujuy\/wp-content\/uploads\/2020\/06\/3280375w1033-1-768x512.jpg 768w, https:\/\/notinor.com\/jujuy\/wp-content\/uploads\/2020\/06\/3280375w1033-1-400x266.jpg 400w\" sizes=\"(max-width: 1033px) 100vw, 1033px\" \/><\/figure>\n\n\n\n<p>Se inici\u00f3 as\u00ed el ciclo\u00a0Open Forum Livestream\u00a0, impulsado por arteBA con figuras l\u00edderes del medio art\u00edstico local e internacional para evaluar el presente y futuro de las ferias de arte. Continuar\u00e1 durante este mes los viernes a las 12 con inscripci\u00f3n previa en\u00a0arteba.org\u00a0.<\/p>\n\n\n\n<p>Una forma de crear redes para evaluar un contexto tan incierto que Art Basel se vio obligada a cancelar d\u00edas atr\u00e1s su edici\u00f3n f\u00edsica de Basilea, tras haberla postergado inicialmente de junio a septiembre. Ya hab\u00eda sido la primera feria en cancelar este a\u00f1o su edici\u00f3n f\u00edsica de Hong Kong como consecuencia de la expansi\u00f3n del coronavirus; con r\u00e1pidos reflejos\u00a0la reemplaz\u00f3 por una edici\u00f3n virtual\u00a0, titulada\u00a0<strong>Online Viewing Rooms\u00a0<\/strong>(OVR). La edici\u00f3n de Art Basel Miami, prevista para diciembre, por ahora sigue en pie, mientras que arteBA qued\u00f3\u00a0en suspenso hasta nuevo aviso\u00a0tras haber realizado una\u00a0edici\u00f3n online en la plataforma Artsy\u00a0.<\/p>\n\n\n\n<p>Toda la atenci\u00f3n est\u00e1 puesta ahora en la segunda edici\u00f3n de OVR, que abrir\u00e1 al p\u00fablico el viernes pr\u00f3ximo -tras dos d\u00edas de visitas VIP- con\u00a0281 galer\u00edas de 35 pa\u00edses de Am\u00e9rica, Europa, Asia, \u00c1frica y Medio Oriente\u00a0. Sumar\u00e1 charlas en vivo, visitas guiadas por curadores, visitas a talleres y performances.<\/p>\n\n\n\n<p>\"No cobramos a las galer\u00edas por participar. Estamos explorando qu\u00e9 podemos hacer para apoyarlas en estos momentos dif\u00edciles\", aclar\u00f3 Horowitz, que reconoci\u00f3 sus propias dificultades familiares para atravesar la cuarentena con ni\u00f1os peque\u00f1os en su hogar de Brooklyn. \"Es un momento que nadie va a olvidar y que quedar\u00e1 plasmado por generaciones. En un a\u00f1o espero que todos podamos volver a hacer lo que hac\u00edamos habitualmente\", agreg\u00f3.<\/p>\n\n\n\n<p>Adem\u00e1s de mostrarse confiado en los niveles de calidad que garantizan el \u00e9xito de Art Basel en pleno cambio de h\u00e1bitos de los consumidores, cada vez m\u00e1s familiarizados con el consumo online, Horowitz volvi\u00f3 a demostrar su optimismo al recordar que \"el gran arte se produce en momentos de dificultad extrema\". \"Tengo confianza en que los artistas est\u00e1n haciendo cosas extraordinarias y que habr\u00e1 mucha producci\u00f3n\", opin\u00f3.<\/p>\n\n\n\n<p>En ese sentido, Oxenford record\u00f3 que las grandes crisis de la humanidad fueron \"puntos de inflexi\u00f3n\" en la historia del arte. \"La gripe espa\u00f1ola de 1818\/19 cambi\u00f3 todo -dijo a LA NACION-. Con el florecimiento del dada\u00edsmo, el cubismo y la Bauhaus, con sus muebles m\u00e1s f\u00e1ciles de higienizar. Todo se transform\u00f3\".<\/p>\n\n\n\n<p>\u00bfC\u00f3mo se transformar\u00e1 arteBA? \"Nos imaginamos una feria&nbsp;offline con un canal online apoyando -adelant\u00f3 Oxenford-. Con un layout m\u00e1s abierto, que facilite el distanciamiento social, y probablemente testeos, herramientas de higiene, etc\u00e9tera. Todo puede cambiar y todo est\u00e1 por definirse en funci\u00f3n de la evoluci\u00f3n del&nbsp;<strong>Covid&nbsp;<\/strong>, no podemos descartar ning\u00fan escenario todav\u00eda\". En principio, sin embargo, todo apunta hacia un futuro acorde con la palabra que parece definir el nuevo paradigma: \"h\u00edbrido\"<\/p>\n","protected":false},"excerpt":{"rendered":"<p>Va a ser h\u00edbrido: una interacci\u00f3n entre el mundo digital y presencial que ser\u00e1 muy beneficiosa\". Con ese optimismo se refiri\u00f3 al\u00a0futuro de las ferias\u00a0de arte Noah Horowitz, director para las Am\u00e9ricas y miembro del Comit\u00e9 Ejecutivo de\u00a0Art Basel\u00a0,\u00a0la m\u00e1s importante del mundo\u00a0, al referirse a las consecuencias de la\u00a0crisis\u00a0global provocada por la\u00a0pandemia\u00a0del\u00a0coronavirus. \"La tecnolog\u00eda [&hellip;]<\/p>\n","protected":false},"author":1,"featured_media":245244,"comment_status":"open","ping_status":"open","sticky":false,"template":"","format":"standard","meta":{"_stopmodifiedupdate":false,"_modified_date":"","inline_featured_image":false,"spay_email":"","jetpack_publicize_message":""},"categories":[2],"tags":[],"jetpack_featured_media_url":"https:\/\/notinor.com\/jujuy\/wp-content\/uploads\/2020\/06\/3280375w1033-1.jpg","jetpack_publicize_connections":[],"_links":{"self":[{"href":"https:\/\/notinor.com\/jujuy\/wp-json\/wp\/v2\/posts\/245227"}],"collection":[{"href":"https:\/\/notinor.com\/jujuy\/wp-json\/wp\/v2\/posts"}],"about":[{"href":"https:\/\/notinor.com\/jujuy\/wp-json\/wp\/v2\/types\/post"}],"author":[{"embeddable":true,"href":"https:\/\/notinor.com\/jujuy\/wp-json\/wp\/v2\/users\/1"}],"replies":[{"embeddable":true,"href":"https:\/\/notinor.com\/jujuy\/wp-json\/wp\/v2\/comments?post=245227"}],"version-history":[{"count":1,"href":"https:\/\/notinor.com\/jujuy\/wp-json\/wp\/v2\/posts\/245227\/revisions"}],"predecessor-version":[{"id":245246,"href":"https:\/\/notinor.com\/jujuy\/wp-json\/wp\/v2\/posts\/245227\/revisions\/245246"}],"wp:featuredmedia":[{"embeddable":true,"href":"https:\/\/notinor.com\/jujuy\/wp-json\/wp\/v2\/media\/245244"}],"wp:attachment":[{"href":"https:\/\/notinor.com\/jujuy\/wp-json\/wp\/v2\/media?parent=245227"}],"wp:term":[{"taxonomy":"category","embeddable":true,"href":"https:\/\/notinor.com\/jujuy\/wp-json\/wp\/v2\/categories?post=245227"},{"taxonomy":"post_tag","embeddable":true,"href":"https:\/\/notinor.com\/jujuy\/wp-json\/wp\/v2\/tags?post=245227"}],"curies":[{"name":"wp","href":"https:\/\/api.w.org\/{rel}","templated":true}]}}