{"id":245175,"date":"2020-06-12T21:27:58","date_gmt":"2020-06-13T00:27:58","guid":{"rendered":"https:\/\/notinor.com\/jujuy\/?p=245175"},"modified":"2020-06-12T21:27:59","modified_gmt":"2020-06-13T00:27:59","slug":"reimplantaron-una-mano-a-un-nino-de-11-que-la-habia-perdido-tras-un-hachazo","status":"publish","type":"post","link":"https:\/\/notinor.com\/jujuy\/reimplantaron-una-mano-a-un-nino-de-11-que-la-habia-perdido-tras-un-hachazo\/","title":{"rendered":"Reimplantaron una mano a un ni\u00f1o de 11 que la hab\u00eda perdido tras un hachazo"},"content":{"rendered":"\n<p>Un equipo de 18 profesionales del hospital El Cruce-N\u00e9stor Kirchner de Florencio Varela logr\u00f3 reimplantar, en 10 horas de intervenci\u00f3n quir\u00fargica, la mano de un ni\u00f1o de 11 a\u00f1os luego de que un golpe de hacha se la seccionara por completo, se difundi\u00f3 este viernes.<\/p>\n\n\n\n<figure class=\"wp-block-image size-large\"><img decoding=\"async\" loading=\"lazy\" width=\"726\" height=\"467\" src=\"https:\/\/notinor.com\/jujuy\/wp-content\/uploads\/2020\/06\/operacion-exitosa.jpg\" alt=\"\" class=\"wp-image-245176\" srcset=\"https:\/\/notinor.com\/jujuy\/wp-content\/uploads\/2020\/06\/operacion-exitosa.jpg 726w, https:\/\/notinor.com\/jujuy\/wp-content\/uploads\/2020\/06\/operacion-exitosa-567x365.jpg 567w\" sizes=\"(max-width: 726px) 100vw, 726px\" \/><\/figure>\n\n\n\n<p>\u201cSe trat\u00f3 de una intervenci\u00f3n de alta complejidad que requiri\u00f3 la coordinaci\u00f3n tanto del Hospital de Las Flores, que recibi\u00f3 al paciente y solicit\u00f3 la derivaci\u00f3n; del sistema de Salud provincial, que adem\u00e1s coordin\u00f3 el traslado en un vuelo sanitario, y del de Alta Complejidad aportada por el Ministerio de Salud de la Naci\u00f3n, desde el Hospital El Cruce\u201d, dijo el secretario de Calidad en Salud de la Naci\u00f3n, Arnaldo Medina, en la informaci\u00f3n.<\/p>\n\n\n\n<p>El accidente se produjo en la ciudad de Las Flores, provincia de Buenos Aires, el mi\u00e9rcoles 3 de junio, cuando Thiago y su hermano Tob\u00edas -de 16 a\u00f1os- se encontraban en los fondos de su vivienda cortando le\u00f1a para la salamandra hogare\u00f1a, trabajo que los hermanos realizan habitualmente.<\/p>\n\n\n\n<p>Alrededor de las 11, la madre de ambos escuch\u00f3 gritos, sali\u00f3 al patio y encontr\u00f3 a Thiago con la mano derecha ensangrentada, de inmediato tom\u00f3 una toalla para envolverla y parti\u00f3 hacia el Hospital Zonal General de Las Flores.<\/p>\n\n\n\n<p>En la guardia pedi\u00e1trica del establecimiento, las primeras curaciones las efectu\u00f3 la m\u00e9dica Mar\u00eda Rocco, quien explic\u00f3 que \"el paciente lleg\u00f3 consciente, con una amputaci\u00f3n completa a nivel metacarpiano de la mano derecha\".<\/p>\n\n\n\n<p>La m\u00e9dica evalu\u00f3 la necesidad de concretar su traslado a un centro de mayor complejidad, y as\u00ed tom\u00f3 contacto con Sebasti\u00e1n Valbuena, del Hospital \u201cEl Cruce-N\u00e9stor Kirchner\".<\/p>\n\n\n\n<p>\u201cSin perder tiempo, porque en estos casos es fundamental la rapidez, gestionamos la derivaci\u00f3n en el sistema sanitario de la provincia de Buenos Aires, que inmediatamente puso en marcha el vuelo sanitario\", explic\u00f3 Rocco.<\/p>\n\n\n\n<p>El helic\u00f3ptero levant\u00f3 vuelo desde Las Flores a las 13.30 y a las 15 el paciente ingresaba al quir\u00f3fano del hospital El Cruce, de Florencio Varela.<\/p>\n\n\n\n<p>\"El tiempo l\u00edmite para hacer un reimplante de este tipo es de entre seis y doce horas de ocurrida la amputaci\u00f3n\u201d, explic\u00f3 Valbuena, quien ya cuenta en su trayectoria profesional con otras intervenciones singulares. Por ejemplo, en 2018 tambi\u00e9n en el mismo hospital condujo el trasplante de un dedo del pie a la mano de una adolescente.<\/p>\n\n\n\n<p>\"La cirug\u00eda sali\u00f3 bien, dur\u00f3 unas diez horas y se tard\u00f3 mucho porque era un caso muy complejo. Tambi\u00e9n se demor\u00f3 porque fue considerado como sospechoso de Covid-19 y se debieron implementar todos los protocolos, lo cual lentific\u00f3 los procedimientos m\u00e9dicos\", sostuvo el especialista.<\/p>\n\n\n\n<p>Valbuena precis\u00f3 que el paciente permanece a\u00fan \"internado en observaci\u00f3n y con antibi\u00f3ticos porque el riesgo de infecci\u00f3n a\u00fan es muy alto\".<\/p>\n\n\n\n<p>\u201cTodav\u00eda no salgo de mi asombro y emoci\u00f3n\u201d, dijo este viernes a T\u00e9lam Laura, la madre de Thiago, y agreg\u00f3 que no le alcanzan las palabras de agradecimiento hacia Valbuena y a todo el equipo que lo acompa\u00f1\u00f3 y al personal del hospital.<\/p>\n\n\n\n<p>\u201cEst\u00e1n todos muy pendientes, y nos cuidan, tanto a Thiago como a m\u00ed\u201d, dijo emocionada desde el tel\u00e9fono junto a la cama de su hijo y agreg\u00f3 risue\u00f1a sentirse como en \u201cun hotel cinco estrellas\u201d.<\/p>\n\n\n\n<p>\u201cThiago fue operado el 3 de junio, pero a los tres d\u00edas debi\u00f3 ser operado nuevamente porque se le hizo un hematoma en un dedo, dijo la madre, quien agreg\u00f3 que el problema ya est\u00e1 superado.<\/p>\n\n\n\n<p>\u201cMi hijo est\u00e1 bien, ya sali\u00f3 de terapia, y ahora est\u00e1 en una sala com\u00fan compartida. Esperamos que tal vez en unos 10 d\u00edas, si no hay ninguna complicaci\u00f3n, podamos volver a casa\u201d, donde los espera Diego, su esposo, con sus otros tres hijos, Tob\u00edas de 16 y dos peque\u00f1os de 5 y 2 a\u00f1os.<\/p>\n\n\n\n<p>La mejor\u00eda de Thiago es notable, ya que fue \u00e9l mismo quien cont\u00f3 a T\u00e9lam que \u201cest\u00e1 bien, s\u00f3lo un poco dolorido\u201d, y que sabe que tiene \"que tener paciencia\u201d.<\/p>\n\n\n\n<p>Adem\u00e1s de los cuidados que recibe, Thiago dijo estar contento porque \u201ctodos los d\u00edas\" su maestra Miriam le manda un mensaje o lo llama, lo mismo que sus amigos y compa\u00f1eros de Las Flores.<\/p>\n\n\n\n<p>Seg\u00fan describi\u00f3 Valbuena \u201cdurante el post operatorio, el paciente permanecer\u00e1 varias semanas con la mano inm\u00f3vil, y tras ello vendr\u00e1 una ardua rehabilitaci\u00f3n por tratarse de una mano reimplantada. No es exactamente igual a la mano que ten\u00eda antes, es una nueva mano que tendr\u00e1 que reacondicionar, readaptar y organizar en su estructura mental la movilidad de los dedos\u201d, precis\u00f3 el cirujano.<\/p>\n\n\n\n<p>Por \u00faltimo, advirti\u00f3 que \u201ctambi\u00e9n es muy probable que se necesiten m\u00e1s cirug\u00edas, porque lo que realizamos fue un primer paso de urgencia y luego contin\u00faa un andamiaje de procedimientos\".<\/p>\n","protected":false},"excerpt":{"rendered":"<p>Un equipo de 18 profesionales del hospital El Cruce-N\u00e9stor Kirchner de Florencio Varela logr\u00f3 reimplantar, en 10 horas de intervenci\u00f3n quir\u00fargica, la mano de un ni\u00f1o de 11 a\u00f1os luego de que un golpe de hacha se la seccionara por completo, se difundi\u00f3 este viernes. \u201cSe trat\u00f3 de una intervenci\u00f3n de alta complejidad que requiri\u00f3 [&hellip;]<\/p>\n","protected":false},"author":1,"featured_media":245176,"comment_status":"open","ping_status":"open","sticky":false,"template":"","format":"standard","meta":{"_stopmodifiedupdate":false,"_modified_date":"","inline_featured_image":false,"spay_email":"","jetpack_publicize_message":"La cirug\u00eda sali\u00f3 bien, dur\u00f3 unas diez horas y se tard\u00f3 mucho porque era un caso muy complejo. Tambi\u00e9n se demor\u00f3 porque fue considerado como sospechoso de Covid-19."},"categories":[13],"tags":[],"jetpack_featured_media_url":"https:\/\/notinor.com\/jujuy\/wp-content\/uploads\/2020\/06\/operacion-exitosa.jpg","jetpack_publicize_connections":[],"_links":{"self":[{"href":"https:\/\/notinor.com\/jujuy\/wp-json\/wp\/v2\/posts\/245175"}],"collection":[{"href":"https:\/\/notinor.com\/jujuy\/wp-json\/wp\/v2\/posts"}],"about":[{"href":"https:\/\/notinor.com\/jujuy\/wp-json\/wp\/v2\/types\/post"}],"author":[{"embeddable":true,"href":"https:\/\/notinor.com\/jujuy\/wp-json\/wp\/v2\/users\/1"}],"replies":[{"embeddable":true,"href":"https:\/\/notinor.com\/jujuy\/wp-json\/wp\/v2\/comments?post=245175"}],"version-history":[{"count":1,"href":"https:\/\/notinor.com\/jujuy\/wp-json\/wp\/v2\/posts\/245175\/revisions"}],"predecessor-version":[{"id":245177,"href":"https:\/\/notinor.com\/jujuy\/wp-json\/wp\/v2\/posts\/245175\/revisions\/245177"}],"wp:featuredmedia":[{"embeddable":true,"href":"https:\/\/notinor.com\/jujuy\/wp-json\/wp\/v2\/media\/245176"}],"wp:attachment":[{"href":"https:\/\/notinor.com\/jujuy\/wp-json\/wp\/v2\/media?parent=245175"}],"wp:term":[{"taxonomy":"category","embeddable":true,"href":"https:\/\/notinor.com\/jujuy\/wp-json\/wp\/v2\/categories?post=245175"},{"taxonomy":"post_tag","embeddable":true,"href":"https:\/\/notinor.com\/jujuy\/wp-json\/wp\/v2\/tags?post=245175"}],"curies":[{"name":"wp","href":"https:\/\/api.w.org\/{rel}","templated":true}]}}