{"id":245170,"date":"2020-06-12T21:17:33","date_gmt":"2020-06-13T00:17:33","guid":{"rendered":"https:\/\/notinor.com\/jujuy\/?p=245170"},"modified":"2020-06-12T21:18:40","modified_gmt":"2020-06-13T00:18:40","slug":"reaparecio-alfredo-casero-y-tildo-de-mentiroso-a-fernandez","status":"publish","type":"post","link":"https:\/\/notinor.com\/jujuy\/reaparecio-alfredo-casero-y-tildo-de-mentiroso-a-fernandez\/","title":{"rendered":"Reapareci\u00f3 Alfredo Casero y tild\u00f3 de \"mentiroso\" al presidente Alberto Fern\u00e1ndez"},"content":{"rendered":"\n<p>Alfredo Casero reapareci\u00f3 en un video en el que critic\u00f3 con dureza al presidente Alberto Fern\u00e1ndez en el marco de la intervenci\u00f3n estatal a la empresa Vicentin.<\/p>\n\n\n\n<p class=\"has-background has-vivid-cyan-blue-background-color\">En el corto, que el propio actor y humorista comparti\u00f3 en Twitter y cuyas im\u00e1genes se viralizaron, el verborr\u00e1gico artista tild\u00f3 al jefe de Estado de \"mentiroso\".<\/p>\n\n\n\n<p>\"Quer\u00eda decirles a las bestias, brutas, berretas (\u2026), todos los pol\u00edticos mentirosos, y al presidente mentiroso, que nos minti\u00f3 abiertamente como si fu\u00e9ramos imb\u00e9ciles\", se\u00f1ala Casero, desde su autom\u00f3vil y en primer plano.<\/p>\n\n\n\n<figure class=\"wp-block-embed-youtube wp-block-embed is-type-video is-provider-youtube wp-embed-aspect-4-3 wp-has-aspect-ratio\"><div class=\"wp-block-embed__wrapper\">\n<div class=\"jeg_video_container jeg_video_content\"><iframe loading=\"lazy\" title=\"Alfredo Casero: &quot;Est\u00e1n choreando nuevamente. Alberto Fernandez, usted es un mentiroso&quot;\" width=\"500\" height=\"375\" src=\"https:\/\/www.youtube.com\/embed\/nN18A-eW2zA?feature=oembed\" frameborder=\"0\" allow=\"accelerometer; autoplay; encrypted-media; gyroscope; picture-in-picture\" allowfullscreen><\/iframe><\/div>\n<\/div><\/figure>\n\n\n\n<p>\u201cY la otra cuesti\u00f3n es: abran el p\u2026 Congreso. No podemos permitir que nos lleven puestos por m\u00e1s que sean minor\u00eda. Abran el p\u2026 Congreso\u201d, reclam\u00f3.<\/p>\n\n\n\n<p>El actor fue tambi\u00e9n contra los judiciales: \u201cD\u00e9jense de rascar los huevos, salgan a trabajar y solucionen los problemas que tenemos en la justicia que son terribles. No solamente los problemas que tiene la Chancha Reina\".<\/p>\n\n\n\n<p>\"Les ruego por favor que paremos con esto. Somos un pa\u00eds que toda la vida fue agroexportador. Cuidado con la gente del campo, que apoyo totalmente. Tengan cuidado porque el campo no es manso\", complet\u00f3.<\/p>\n","protected":false},"excerpt":{"rendered":"<p>Alfredo Casero reapareci\u00f3 en un video en el que critic\u00f3 con dureza al presidente Alberto Fern\u00e1ndez en el marco de la intervenci\u00f3n estatal a la empresa Vicentin. En el corto, que el propio actor y humorista comparti\u00f3 en Twitter y cuyas im\u00e1genes se viralizaron, el verborr\u00e1gico artista tild\u00f3 al jefe de Estado de \"mentiroso\". \"Quer\u00eda [&hellip;]<\/p>\n","protected":false},"author":1,"featured_media":245172,"comment_status":"closed","ping_status":"closed","sticky":false,"template":"","format":"standard","meta":{"_stopmodifiedupdate":false,"_modified_date":"","inline_featured_image":false,"spay_email":"","jetpack_publicize_message":"En un video que comparti\u00f3 en Twitter, el artista arremeti\u00f3 tambi\u00e9n contra los poderes legislativo y judicial. \"Nos mintieron como si fu\u00e9ramos imb\u00e9ciles\", dispar\u00f3."},"categories":[501],"tags":[],"jetpack_featured_media_url":"https:\/\/notinor.com\/jujuy\/wp-content\/uploads\/2020\/06\/casero.jpg","jetpack_publicize_connections":[],"_links":{"self":[{"href":"https:\/\/notinor.com\/jujuy\/wp-json\/wp\/v2\/posts\/245170"}],"collection":[{"href":"https:\/\/notinor.com\/jujuy\/wp-json\/wp\/v2\/posts"}],"about":[{"href":"https:\/\/notinor.com\/jujuy\/wp-json\/wp\/v2\/types\/post"}],"author":[{"embeddable":true,"href":"https:\/\/notinor.com\/jujuy\/wp-json\/wp\/v2\/users\/1"}],"replies":[{"embeddable":true,"href":"https:\/\/notinor.com\/jujuy\/wp-json\/wp\/v2\/comments?post=245170"}],"version-history":[{"count":3,"href":"https:\/\/notinor.com\/jujuy\/wp-json\/wp\/v2\/posts\/245170\/revisions"}],"predecessor-version":[{"id":245174,"href":"https:\/\/notinor.com\/jujuy\/wp-json\/wp\/v2\/posts\/245170\/revisions\/245174"}],"wp:featuredmedia":[{"embeddable":true,"href":"https:\/\/notinor.com\/jujuy\/wp-json\/wp\/v2\/media\/245172"}],"wp:attachment":[{"href":"https:\/\/notinor.com\/jujuy\/wp-json\/wp\/v2\/media?parent=245170"}],"wp:term":[{"taxonomy":"category","embeddable":true,"href":"https:\/\/notinor.com\/jujuy\/wp-json\/wp\/v2\/categories?post=245170"},{"taxonomy":"post_tag","embeddable":true,"href":"https:\/\/notinor.com\/jujuy\/wp-json\/wp\/v2\/tags?post=245170"}],"curies":[{"name":"wp","href":"https:\/\/api.w.org\/{rel}","templated":true}]}}