{"id":245163,"date":"2020-06-12T21:04:52","date_gmt":"2020-06-13T00:04:52","guid":{"rendered":"https:\/\/notinor.com\/jujuy\/?p=245163"},"modified":"2020-06-12T21:06:16","modified_gmt":"2020-06-13T00:06:16","slug":"se-activo-el-protocolo-en-maimara-por-un-posible-casos-de-coronavirus","status":"publish","type":"post","link":"https:\/\/notinor.com\/jujuy\/se-activo-el-protocolo-en-maimara-por-un-posible-casos-de-coronavirus\/","title":{"rendered":"Se activ\u00f3 el protocolo en Maimar\u00e1 por un posible caso de coronavirus"},"content":{"rendered":"\n<p>Un ciudadano boliviano que viaj\u00f3 a Villaz\u00f3n y retorn\u00f3 a la localidad quebrade\u00f1a sin hacer la cuarentena, activ\u00f3 el protocolo de emergencia ante un posible caso de coronavirus. <\/p>\n\n\n\n<figure class=\"wp-block-image size-large\"><img decoding=\"async\" loading=\"lazy\" width=\"2560\" height=\"1920\" src=\"https:\/\/i1.wp.com\/notinor.com\/jujuy\/wp-content\/uploads\/2020\/06\/maimar\u00e1-scaled.jpg?fit=640%2C480&amp;ssl=1\" alt=\"\" class=\"wp-image-245165\" srcset=\"https:\/\/notinor.com\/jujuy\/wp-content\/uploads\/2020\/06\/maimar\u00e1-scaled.jpg 2560w, https:\/\/notinor.com\/jujuy\/wp-content\/uploads\/2020\/06\/maimar\u00e1-487x365.jpg 487w, https:\/\/notinor.com\/jujuy\/wp-content\/uploads\/2020\/06\/maimar\u00e1-640x480.jpg 640w, https:\/\/notinor.com\/jujuy\/wp-content\/uploads\/2020\/06\/maimar\u00e1-768x576.jpg 768w, https:\/\/notinor.com\/jujuy\/wp-content\/uploads\/2020\/06\/maimar\u00e1-1536x1152.jpg 1536w, https:\/\/notinor.com\/jujuy\/wp-content\/uploads\/2020\/06\/maimar\u00e1-2048x1536.jpg 2048w\" sizes=\"(max-width: 2560px) 100vw, 2560px\" \/><\/figure>\n\n\n\n<p class=\"has-background has-vivid-cyan-blue-background-color\">Vecinos de un inquilinato pusieron en aviso a las autoridades del COE, que decidieron el traslado para al hospital San Roque donde se le realizar\u00e1 un hisopado para conocer su estado de salud.<\/p>\n\n\n\n<p>En tanto 12 personas que compartieron el mismo espacio, fueron puesto bajo seguimiento y deberan cumplir con el aislamiento, hasta que se conozcan el resultado del test PCR.<\/p>\n\n\n\n<p>Cabe precisar que el hombre est\u00e1 en Maimar\u00e1 desde hace tres meses<\/p>\n\n\n\n<p><\/p>\n","protected":false},"excerpt":{"rendered":"<p>Un ciudadano boliviano que viaj\u00f3 a Villaz\u00f3n y retorn\u00f3 a la localidad quebrade\u00f1a sin hacer la cuarentena, activ\u00f3 el protocolo de emergencia ante un posible caso de coronavirus. Vecinos de un inquilinato pusieron en aviso a las autoridades del COE, que decidieron el traslado para al hospital San Roque donde se le realizar\u00e1 un hisopado [&hellip;]<\/p>\n","protected":false},"author":1,"featured_media":245165,"comment_status":"open","ping_status":"open","sticky":false,"template":"","format":"standard","meta":{"_stopmodifiedupdate":false,"_modified_date":"","inline_featured_image":false,"spay_email":"","jetpack_publicize_message":"Es por un ciudadano boliviano que viaj\u00f3 a Villaz\u00f3n y retorno sin hacer cuarentena."},"categories":[4],"tags":[],"jetpack_featured_media_url":"https:\/\/notinor.com\/jujuy\/wp-content\/uploads\/2020\/06\/maimar\u00e1-scaled.jpg","jetpack_publicize_connections":[],"_links":{"self":[{"href":"https:\/\/notinor.com\/jujuy\/wp-json\/wp\/v2\/posts\/245163"}],"collection":[{"href":"https:\/\/notinor.com\/jujuy\/wp-json\/wp\/v2\/posts"}],"about":[{"href":"https:\/\/notinor.com\/jujuy\/wp-json\/wp\/v2\/types\/post"}],"author":[{"embeddable":true,"href":"https:\/\/notinor.com\/jujuy\/wp-json\/wp\/v2\/users\/1"}],"replies":[{"embeddable":true,"href":"https:\/\/notinor.com\/jujuy\/wp-json\/wp\/v2\/comments?post=245163"}],"version-history":[{"count":2,"href":"https:\/\/notinor.com\/jujuy\/wp-json\/wp\/v2\/posts\/245163\/revisions"}],"predecessor-version":[{"id":245168,"href":"https:\/\/notinor.com\/jujuy\/wp-json\/wp\/v2\/posts\/245163\/revisions\/245168"}],"wp:featuredmedia":[{"embeddable":true,"href":"https:\/\/notinor.com\/jujuy\/wp-json\/wp\/v2\/media\/245165"}],"wp:attachment":[{"href":"https:\/\/notinor.com\/jujuy\/wp-json\/wp\/v2\/media?parent=245163"}],"wp:term":[{"taxonomy":"category","embeddable":true,"href":"https:\/\/notinor.com\/jujuy\/wp-json\/wp\/v2\/categories?post=245163"},{"taxonomy":"post_tag","embeddable":true,"href":"https:\/\/notinor.com\/jujuy\/wp-json\/wp\/v2\/tags?post=245163"}],"curies":[{"name":"wp","href":"https:\/\/api.w.org\/{rel}","templated":true}]}}