{"id":245146,"date":"2020-06-12T19:28:59","date_gmt":"2020-06-12T22:28:59","guid":{"rendered":"https:\/\/notinor.com\/jujuy\/?p=245146"},"modified":"2020-06-12T19:29:04","modified_gmt":"2020-06-12T22:29:04","slug":"rescatan-a-un-lechuzon-orejudo-del-cementerio-del-rosario","status":"publish","type":"post","link":"https:\/\/notinor.com\/jujuy\/rescatan-a-un-lechuzon-orejudo-del-cementerio-del-rosario\/","title":{"rendered":"Rescatan a un lechuz\u00f3n orejudo del cementerio del Rosario"},"content":{"rendered":"\n<p>Personal del Centro Atenci\u00f3n de la Fauna Aut\u00f3ctona de Jujuy (CAFAJu) rescataron a un pich\u00f3n de lechuz\u00f3n (Asio Clamator) que se encontraba en un sector del Cementerio del Rosario.<\/p>\n\n\n\n<figure class=\"is-layout-flex wp-block-gallery-1 wp-block-gallery columns-1 is-cropped\"><ul class=\"blocks-gallery-grid\"><li class=\"blocks-gallery-item\"><figure><img decoding=\"async\" loading=\"lazy\" width=\"719\" height=\"1280\" src=\"https:\/\/i2.wp.com\/notinor.com\/jujuy\/wp-content\/uploads\/2020\/06\/lechuzon.jpg?fit=270%2C480&amp;ssl=1\" alt=\"\" data-id=\"245147\" data-full-url=\"https:\/\/i2.wp.com\/notinor.com\/jujuy\/wp-content\/uploads\/2020\/06\/lechuzon.jpg?fit=719%2C1280&amp;ssl=1\" data-link=\"https:\/\/notinor.com\/jujuy\/?attachment_id=245147\" class=\"wp-image-245147\" srcset=\"https:\/\/notinor.com\/jujuy\/wp-content\/uploads\/2020\/06\/lechuzon.jpg 719w, https:\/\/notinor.com\/jujuy\/wp-content\/uploads\/2020\/06\/lechuzon-205x365.jpg 205w, https:\/\/notinor.com\/jujuy\/wp-content\/uploads\/2020\/06\/lechuzon-270x480.jpg 270w\" sizes=\"(max-width: 719px) 100vw, 719px\" \/><\/figure><\/li><\/ul><\/figure>\n\n\n\n<p>Personal del municipio capitalino dieron aviso de la presencia del ejemplar que, por su integridad  y porque a\u00fan no desarroll\u00f3 las condiciones para su supervivencia (vuelo, caza, defensa, etc.),  permanecer\u00e1 bajo cuidado en cautiverio hasta su liberaci\u00f3n.<\/p>\n","protected":false},"excerpt":{"rendered":"<p>Personal del Centro Atenci\u00f3n de la Fauna Aut\u00f3ctona de Jujuy (CAFAJu) rescataron a un pich\u00f3n de lechuz\u00f3n (Asio Clamator) que se encontraba en un sector del Cementerio del Rosario. Personal del municipio capitalino dieron aviso de la presencia del ejemplar que, por su integridad y porque a\u00fan no desarroll\u00f3 las condiciones para su supervivencia (vuelo, [&hellip;]<\/p>\n","protected":false},"author":1,"featured_media":245147,"comment_status":"open","ping_status":"open","sticky":false,"template":"","format":"standard","meta":{"_stopmodifiedupdate":false,"_modified_date":"","inline_featured_image":false,"spay_email":"","jetpack_publicize_message":"El bello ejemplar estar\u00e1 al resguardo del Cafaju y ser\u00e1 libertado oportunamente.\n#jujuy #lechuzonorejudo "},"categories":[514],"tags":[],"jetpack_featured_media_url":"https:\/\/notinor.com\/jujuy\/wp-content\/uploads\/2020\/06\/lechuzon.jpg","jetpack_publicize_connections":[],"_links":{"self":[{"href":"https:\/\/notinor.com\/jujuy\/wp-json\/wp\/v2\/posts\/245146"}],"collection":[{"href":"https:\/\/notinor.com\/jujuy\/wp-json\/wp\/v2\/posts"}],"about":[{"href":"https:\/\/notinor.com\/jujuy\/wp-json\/wp\/v2\/types\/post"}],"author":[{"embeddable":true,"href":"https:\/\/notinor.com\/jujuy\/wp-json\/wp\/v2\/users\/1"}],"replies":[{"embeddable":true,"href":"https:\/\/notinor.com\/jujuy\/wp-json\/wp\/v2\/comments?post=245146"}],"version-history":[{"count":1,"href":"https:\/\/notinor.com\/jujuy\/wp-json\/wp\/v2\/posts\/245146\/revisions"}],"predecessor-version":[{"id":245148,"href":"https:\/\/notinor.com\/jujuy\/wp-json\/wp\/v2\/posts\/245146\/revisions\/245148"}],"wp:featuredmedia":[{"embeddable":true,"href":"https:\/\/notinor.com\/jujuy\/wp-json\/wp\/v2\/media\/245147"}],"wp:attachment":[{"href":"https:\/\/notinor.com\/jujuy\/wp-json\/wp\/v2\/media?parent=245146"}],"wp:term":[{"taxonomy":"category","embeddable":true,"href":"https:\/\/notinor.com\/jujuy\/wp-json\/wp\/v2\/categories?post=245146"},{"taxonomy":"post_tag","embeddable":true,"href":"https:\/\/notinor.com\/jujuy\/wp-json\/wp\/v2\/tags?post=245146"}],"curies":[{"name":"wp","href":"https:\/\/api.w.org\/{rel}","templated":true}]}}