{"id":245143,"date":"2020-06-12T19:15:54","date_gmt":"2020-06-12T22:15:54","guid":{"rendered":"https:\/\/notinor.com\/jujuy\/?p=245143"},"modified":"2020-06-12T19:16:00","modified_gmt":"2020-06-12T22:16:00","slug":"salta-sumo-un-nuevo-caso-de-coronavirus-y-ya-suman-21","status":"publish","type":"post","link":"https:\/\/notinor.com\/jujuy\/salta-sumo-un-nuevo-caso-de-coronavirus-y-ya-suman-21\/","title":{"rendered":"Salta sum\u00f3 un nuevo caso de coronavirus y ya suman 21"},"content":{"rendered":"\n<p>Este viernes, la Direcci\u00f3n General de la Coordinaci\u00f3n Epidemiol\u00f3gica del Ministerio de Salud P\u00fablica confirm\u00f3 un nuevo caso de coronavirus. Salta registra, as\u00ed, 21 personas que contrajeron la enfermedad: 17 con residencia habitual en Salta, 1 de C\u00f3rdoba, 1 de Ciudad de Buenos Aires y 2 en Provincia de Buenos Aires, uno de los cuales con domicilio en Florencio Varela y otro en Partido Tres de Febrero<\/p>\n\n\n\n<figure class=\"wp-block-image size-large\"><img decoding=\"async\" loading=\"lazy\" width=\"1000\" height=\"667\" src=\"https:\/\/i2.wp.com\/notinor.com\/jujuy\/wp-content\/uploads\/2020\/06\/salta21.jpg?fit=720%2C480&amp;ssl=1\" alt=\"\" class=\"wp-image-245144\" srcset=\"https:\/\/notinor.com\/jujuy\/wp-content\/uploads\/2020\/06\/salta21.jpg 1000w, https:\/\/notinor.com\/jujuy\/wp-content\/uploads\/2020\/06\/salta21-547x365.jpg 547w, https:\/\/notinor.com\/jujuy\/wp-content\/uploads\/2020\/06\/salta21-720x480.jpg 720w, https:\/\/notinor.com\/jujuy\/wp-content\/uploads\/2020\/06\/salta21-768x512.jpg 768w, https:\/\/notinor.com\/jujuy\/wp-content\/uploads\/2020\/06\/salta21-400x266.jpg 400w\" sizes=\"(max-width: 1000px) 100vw, 1000px\" \/><\/figure>\n\n\n\n<p>Sobre este \u00faltimo caso, fuentes gubernamentales se\u00f1alan que  se trata de una persona que cumpl\u00eda cuarentena estricta y que ingres\u00f3 a Salta proveniente de Villa Bosh, Partido Tres de Febrero, provincia de Buenos Aires.<\/p>\n\n\n\n<p>No hay m\u00e1s detalles sobre el caso.<\/p>\n\n\n\n<p>Esta semana, el 11 de junio para ser m\u00e1s precisos, se dio el caso de una joven de Pichanal, que tambi\u00e9n dio positivo y que se encuentra embarazada.<\/p>\n","protected":false},"excerpt":{"rendered":"<p>Este viernes, la Direcci\u00f3n General de la Coordinaci\u00f3n Epidemiol\u00f3gica del Ministerio de Salud P\u00fablica confirm\u00f3 un nuevo caso de coronavirus. Salta registra, as\u00ed, 21 personas que contrajeron la enfermedad: 17 con residencia habitual en Salta, 1 de C\u00f3rdoba, 1 de Ciudad de Buenos Aires y 2 en Provincia de Buenos Aires, uno de los cuales [&hellip;]<\/p>\n","protected":false},"author":1,"featured_media":245144,"comment_status":"open","ping_status":"open","sticky":false,"template":"","format":"standard","meta":{"_stopmodifiedupdate":false,"_modified_date":"","inline_featured_image":false,"spay_email":"","jetpack_publicize_message":"La persona infectada hab\u00eda regresado a la provincia desde Buenos Aires."},"categories":[5],"tags":[],"jetpack_featured_media_url":"https:\/\/notinor.com\/jujuy\/wp-content\/uploads\/2020\/06\/salta21.jpg","jetpack_publicize_connections":[],"_links":{"self":[{"href":"https:\/\/notinor.com\/jujuy\/wp-json\/wp\/v2\/posts\/245143"}],"collection":[{"href":"https:\/\/notinor.com\/jujuy\/wp-json\/wp\/v2\/posts"}],"about":[{"href":"https:\/\/notinor.com\/jujuy\/wp-json\/wp\/v2\/types\/post"}],"author":[{"embeddable":true,"href":"https:\/\/notinor.com\/jujuy\/wp-json\/wp\/v2\/users\/1"}],"replies":[{"embeddable":true,"href":"https:\/\/notinor.com\/jujuy\/wp-json\/wp\/v2\/comments?post=245143"}],"version-history":[{"count":1,"href":"https:\/\/notinor.com\/jujuy\/wp-json\/wp\/v2\/posts\/245143\/revisions"}],"predecessor-version":[{"id":245145,"href":"https:\/\/notinor.com\/jujuy\/wp-json\/wp\/v2\/posts\/245143\/revisions\/245145"}],"wp:featuredmedia":[{"embeddable":true,"href":"https:\/\/notinor.com\/jujuy\/wp-json\/wp\/v2\/media\/245144"}],"wp:attachment":[{"href":"https:\/\/notinor.com\/jujuy\/wp-json\/wp\/v2\/media?parent=245143"}],"wp:term":[{"taxonomy":"category","embeddable":true,"href":"https:\/\/notinor.com\/jujuy\/wp-json\/wp\/v2\/categories?post=245143"},{"taxonomy":"post_tag","embeddable":true,"href":"https:\/\/notinor.com\/jujuy\/wp-json\/wp\/v2\/tags?post=245143"}],"curies":[{"name":"wp","href":"https:\/\/api.w.org\/{rel}","templated":true}]}}