{"id":245139,"date":"2020-06-12T19:07:29","date_gmt":"2020-06-12T22:07:29","guid":{"rendered":"https:\/\/notinor.com\/jujuy\/?p=245139"},"modified":"2020-06-12T19:07:34","modified_gmt":"2020-06-12T22:07:34","slug":"formosa-24-casos-de-coronavirus-tras-la-llegada-de-un-estudiante-con-covid-19","status":"publish","type":"post","link":"https:\/\/notinor.com\/jujuy\/formosa-24-casos-de-coronavirus-tras-la-llegada-de-un-estudiante-con-covid-19\/","title":{"rendered":"Formosa: 24 casos de coronavirus tras la llegada de un estudiante con covid-19"},"content":{"rendered":"\n<p>Formosa sum\u00f3 su segundo caso de Covid-19 en las \u00faltimas horas, el primero de tipo local. Se trata de un adolescente de 18 a\u00f1os que cumpl\u00eda la cuarentena en la provincia desde el 30 de mayo tras haber viajado desde Buenos Aires. El ministro de Gobierno de Formosa, Jorge Gonz\u00e1lez, confirm\u00f3 la noticia en una conferencia de prensa. Posteriormente y tras realizar los an\u00e1lisis, el gobierno de esa provincia confirm\u00f3 este viernes 23 casos positivos de coronavirus. <\/p>\n\n\n\n<p>Seg\u00fan confirm\u00f3 el ministro de Gobierno provincial, Jorge Gonz\u00e1lez, 23 de esos positivos estaban alojadas en el centro Juan Pablo II, a d\u00f3nde hab\u00eda llegado el joven el pasado 30 de mayo.  Adem\u00e1s, el funcionario confirm\u00f3 que el padre de un paciente que regreso hace dos d\u00edas en un vuelo sanitario tambi\u00e9n dio positivo.<\/p>\n\n\n\n<p>En ese centro de alojamiento preventivo tenemos 178 personas, pero este joven estaba en un circuito en el que hay 62 personas. Se les va a hacer testeos a todas esas personas y a todo el personal que trabaja en el lugar para proceder al bloqueo adecuado de esta situaci\u00f3n\", hab\u00eda explicado el funcionario durante la ma\u00f1ana en declaraciones al canal TN, seg\u00fan public\u00f3 Clar\u00edn.<\/p>\n\n\n\n<p>Esta semana se confirm\u00f3 el primer caso detectado en esa provincia, que por ahora no tiene circulaci\u00f3n: se trata de una m\u00e9dica de 36 a\u00f1os, oriunda de la localidad bonaerense de Quilmes, que fue contratada por el gobierno local para trabajar como personal sanitario de \"refuerzo\" en el interior provincial.<\/p>\n\n\n\n<p>En su reporte oficial del jueves, el gobierno provincial indic\u00f3 que estaba \"encontrando los casos m\u00e1s dif\u00edciles de detectar, que son los casos de personas asintom\u00e1ticas, como lo es el informado antes de ayer, as\u00ed como el caso detectado en el d\u00eda de hoy, que presenta s\u00edntomas at\u00edpicos que no integran la definici\u00f3n de 'caso sospechoso' por protocolo nacional\".<\/p>\n\n\n\n<p>Con respecto al joven, hab\u00eda ingresado a la provincia \"en un contingente que, luego de ser controlados en el punto de partida del \u00f3mnibus, en los controles conjuntos de la localidad de Mansilla -ingreso a la provincia por RN 11- y en la Unidad de Pronta Atenci\u00f3n de la Contingencia, fueron ubicados en el Centro de Alojamiento Preventivo del Juan Pablo II\".<\/p>\n\n\n\n<p>Tambi\u00e9n se indic\u00f3 que \"durante este tiempo transcurrido, se realizaron los controles sanitarios diarios habituales en cada uno de los Centros, sin que se hubiera manifestado s\u00edntoma alguno, aunque ayer ?el joven refiere dolor abdominal y diarrea y es trasladado al Hospital Distrital 8 donde se lo a\u00edsla preventivamente y, si bien sus s\u00edntomas no est\u00e1n incluidos por protocolo nacional en la definici\u00f3n de 'caso sospechoso', se decide su hisopado\".<\/p>\n\n\n\n<p>Por esta situaci\u00f3n, el Gobierno local inform\u00f3 que \"atento a la actual situaci\u00f3n, se suspende el programa de ingreso ordenado y administrado a la provincia de Formosa hasta tanto finalice la implementaci\u00f3n del protocolo de bloqueo y control, con excepci\u00f3n del \u00f3mnibus proveniente del sur del pa\u00eds que se encuentra en ruta desde el mi\u00e9rcoles\".<\/p>\n\n\n\n<p>Hasta esta semana, Formosa era junto a Catamarca una de las dos \u00fanicas provincias que no hab\u00edan presentado casos positivos de coronavirus.<\/p>\n","protected":false},"excerpt":{"rendered":"<p>Formosa sum\u00f3 su segundo caso de Covid-19 en las \u00faltimas horas, el primero de tipo local. Se trata de un adolescente de 18 a\u00f1os que cumpl\u00eda la cuarentena en la provincia desde el 30 de mayo tras haber viajado desde Buenos Aires. El ministro de Gobierno de Formosa, Jorge Gonz\u00e1lez, confirm\u00f3 la noticia en una [&hellip;]<\/p>\n","protected":false},"author":1,"featured_media":245141,"comment_status":"closed","ping_status":"closed","sticky":false,"template":"","format":"standard","meta":{"_stopmodifiedupdate":false,"_modified_date":"","inline_featured_image":false,"spay_email":"","jetpack_publicize_message":"De los nuevos positivos, 23 se contagiaron en un centro de alojamiento. El otro es familiar de un paciente que regres\u00f3 a la provincia en un vuelo sanitario."},"categories":[5],"tags":[],"jetpack_featured_media_url":"https:\/\/notinor.com\/jujuy\/wp-content\/uploads\/2020\/06\/formosa1.jpg","jetpack_publicize_connections":[],"_links":{"self":[{"href":"https:\/\/notinor.com\/jujuy\/wp-json\/wp\/v2\/posts\/245139"}],"collection":[{"href":"https:\/\/notinor.com\/jujuy\/wp-json\/wp\/v2\/posts"}],"about":[{"href":"https:\/\/notinor.com\/jujuy\/wp-json\/wp\/v2\/types\/post"}],"author":[{"embeddable":true,"href":"https:\/\/notinor.com\/jujuy\/wp-json\/wp\/v2\/users\/1"}],"replies":[{"embeddable":true,"href":"https:\/\/notinor.com\/jujuy\/wp-json\/wp\/v2\/comments?post=245139"}],"version-history":[{"count":2,"href":"https:\/\/notinor.com\/jujuy\/wp-json\/wp\/v2\/posts\/245139\/revisions"}],"predecessor-version":[{"id":245142,"href":"https:\/\/notinor.com\/jujuy\/wp-json\/wp\/v2\/posts\/245139\/revisions\/245142"}],"wp:featuredmedia":[{"embeddable":true,"href":"https:\/\/notinor.com\/jujuy\/wp-json\/wp\/v2\/media\/245141"}],"wp:attachment":[{"href":"https:\/\/notinor.com\/jujuy\/wp-json\/wp\/v2\/media?parent=245139"}],"wp:term":[{"taxonomy":"category","embeddable":true,"href":"https:\/\/notinor.com\/jujuy\/wp-json\/wp\/v2\/categories?post=245139"},{"taxonomy":"post_tag","embeddable":true,"href":"https:\/\/notinor.com\/jujuy\/wp-json\/wp\/v2\/tags?post=245139"}],"curies":[{"name":"wp","href":"https:\/\/api.w.org\/{rel}","templated":true}]}}