{"id":245135,"date":"2020-06-12T19:00:57","date_gmt":"2020-06-12T22:00:57","guid":{"rendered":"https:\/\/notinor.com\/jujuy\/?p=245135"},"modified":"2020-06-12T19:01:02","modified_gmt":"2020-06-12T22:01:02","slug":"tras-el-caso-positivo-de-insaurralde-el-presidente-suspendio-su-visita-a-catamarca","status":"publish","type":"post","link":"https:\/\/notinor.com\/jujuy\/tras-el-caso-positivo-de-insaurralde-el-presidente-suspendio-su-visita-a-catamarca\/","title":{"rendered":"Tras el caso positivo de Insaurralde, el presidente suspendi\u00f3 su visita a Catamarca"},"content":{"rendered":"\n<p>Adem\u00e1s el ministro de Desarrollo Social, Daniel Arroyo fue aislado al haber estado con Insaurralde.<\/p>\n\n\n\n<p>El presidente Alberto Fern\u00e1ndez suspendi\u00f3 su visita a la provincia de Catamarca inmediatamente de conocida la informaci\u00f3n que el ministro de Desarrollo Social, Daniel Arroyo, podr\u00eda cumplir con los requisitos de ser un contacto estrecho de un caso confirmado de coronavirus.<\/p>\n\n\n\n<figure class=\"wp-block-image size-large\"><img decoding=\"async\" loading=\"lazy\" width=\"715\" height=\"402\" src=\"https:\/\/notinor.com\/jujuy\/wp-content\/uploads\/2020\/06\/insaurralde.jpg\" alt=\"\" class=\"wp-image-245137\" srcset=\"https:\/\/notinor.com\/jujuy\/wp-content\/uploads\/2020\/06\/insaurralde.jpg 715w, https:\/\/notinor.com\/jujuy\/wp-content\/uploads\/2020\/06\/insaurralde-649x365.jpg 649w, https:\/\/notinor.com\/jujuy\/wp-content\/uploads\/2020\/06\/insaurralde-500x280.jpg 500w\" sizes=\"(max-width: 715px) 100vw, 715px\" \/><\/figure>\n\n\n\n<p>En un mensaje a los catamarque\u00f1os, el Presidente dijo que la decisi\u00f3n se tom\u00f3 \u201cpara preservar la salud y la vida de todos. Lo habl\u00e9 con el gobernador Jalil, \u00e9l fue comprensivo y particip\u00f3 de esta idea\u201d.<\/p>\n\n\n\n<blockquote class=\"twitter-tweet\"><p lang=\"es\" dir=\"ltr\">Por razones de seguridad sanitaria hemos decidido suspender nuestra visita a Catamarca. Les env\u00edo a los catamarque\u00f1os y las catamarque\u00f1as mi abrazo a la distancia. Espero verlos pronto. <a href=\"https:\/\/t.co\/aRYTcrDSZj\">pic.twitter.com\/aRYTcrDSZj<\/a><\/p>&mdash; Alberto Fern\u00e1ndez (@alferdez) <a href=\"https:\/\/twitter.com\/alferdez\/status\/1271549221645299712?ref_src=twsrc%5Etfw\">June 12, 2020<\/a><\/blockquote> <script async src=\"https:\/\/platform.twitter.com\/widgets.js\" charset=\"utf-8\"><\/script>\n\n\n\n<p>\u201cCuando nos enteramos que Mart\u00edn Insaurralde, ha sido contagiado de coronavirus. Y hace unos d\u00edas atr\u00e1s estuvo Daniel Arroyo con \u00e9l y el riesgo del contagio existe\u201d, se opt\u00f3 por separar a Arroyo de la delegaci\u00f3n presidencial.<\/p>\n\n\n\n<p>El funcionario de la cartera de Desarrollo Social ya est\u00e1 volviendo a Buenos Aires por otros medios.<\/p>\n\n\n\n<blockquote class=\"twitter-tweet\"><p lang=\"es\" dir=\"ltr\">Ante el contacto que mantuve hace dos d\u00edas con <a href=\"https:\/\/twitter.com\/minsaurralde?ref_src=twsrc%5Etfw\">@minsaurralde<\/a>, me realic\u00e9 un hisopado e inici\u00e9 el protocolo de aislamiento hasta conocer el resultado de la prueba Covid-19. No presento s\u00edntomas en este momento. Muchas gracias por los mensajes recibidos.<\/p>&mdash; Daniel Arroyo (@LicDanielArroyo) <a href=\"https:\/\/twitter.com\/LicDanielArroyo\/status\/1271539865054781440?ref_src=twsrc%5Etfw\">June 12, 2020<\/a><\/blockquote> <script async src=\"https:\/\/platform.twitter.com\/widgets.js\" charset=\"utf-8\"><\/script>\n\n\n\n<p>En este sentido, Arroyo dio cumplimiento a las recomendaciones sanitarias e inici\u00f3 un periodo de aislamiento por 14 d\u00edas.<\/p>\n\n\n\n<p>Cabe mencionar que el contacto de Arroyo es de bajo riesgo y que durante todo el viaje de la delegaci\u00f3n presidencial se implementaron las medidas de prevenci\u00f3n sanitarias.<\/p>\n\n\n\n<p>El ministro Arroyo se encuentra asintom\u00e1tico.<\/p>\n","protected":false},"excerpt":{"rendered":"<p>Adem\u00e1s el ministro de Desarrollo Social, Daniel Arroyo fue aislado al haber estado con Insaurralde. El presidente Alberto Fern\u00e1ndez suspendi\u00f3 su visita a la provincia de Catamarca inmediatamente de conocida la informaci\u00f3n que el ministro de Desarrollo Social, Daniel Arroyo, podr\u00eda cumplir con los requisitos de ser un contacto estrecho de un caso confirmado de [&hellip;]<\/p>\n","protected":false},"author":1,"featured_media":245137,"comment_status":"open","ping_status":"open","sticky":false,"template":"","format":"standard","meta":{"_stopmodifiedupdate":false,"_modified_date":"","inline_featured_image":false,"spay_email":"","jetpack_publicize_message":"Adem\u00e1s el ministro de Desarrollo Social, Daniel Arroyo fue aislado al haber estado con Insaurralde."},"categories":[2],"tags":[],"jetpack_featured_media_url":"https:\/\/notinor.com\/jujuy\/wp-content\/uploads\/2020\/06\/insaurralde.jpg","jetpack_publicize_connections":[],"_links":{"self":[{"href":"https:\/\/notinor.com\/jujuy\/wp-json\/wp\/v2\/posts\/245135"}],"collection":[{"href":"https:\/\/notinor.com\/jujuy\/wp-json\/wp\/v2\/posts"}],"about":[{"href":"https:\/\/notinor.com\/jujuy\/wp-json\/wp\/v2\/types\/post"}],"author":[{"embeddable":true,"href":"https:\/\/notinor.com\/jujuy\/wp-json\/wp\/v2\/users\/1"}],"replies":[{"embeddable":true,"href":"https:\/\/notinor.com\/jujuy\/wp-json\/wp\/v2\/comments?post=245135"}],"version-history":[{"count":1,"href":"https:\/\/notinor.com\/jujuy\/wp-json\/wp\/v2\/posts\/245135\/revisions"}],"predecessor-version":[{"id":245138,"href":"https:\/\/notinor.com\/jujuy\/wp-json\/wp\/v2\/posts\/245135\/revisions\/245138"}],"wp:featuredmedia":[{"embeddable":true,"href":"https:\/\/notinor.com\/jujuy\/wp-json\/wp\/v2\/media\/245137"}],"wp:attachment":[{"href":"https:\/\/notinor.com\/jujuy\/wp-json\/wp\/v2\/media?parent=245135"}],"wp:term":[{"taxonomy":"category","embeddable":true,"href":"https:\/\/notinor.com\/jujuy\/wp-json\/wp\/v2\/categories?post=245135"},{"taxonomy":"post_tag","embeddable":true,"href":"https:\/\/notinor.com\/jujuy\/wp-json\/wp\/v2\/tags?post=245135"}],"curies":[{"name":"wp","href":"https:\/\/api.w.org\/{rel}","templated":true}]}}