{"id":245122,"date":"2020-06-12T17:55:51","date_gmt":"2020-06-12T20:55:51","guid":{"rendered":"https:\/\/notinor.com\/jujuy\/?p=245122"},"modified":"2020-06-12T18:25:13","modified_gmt":"2020-06-12T21:25:13","slug":"denuncia-penal-al-ex-intendente-rolando-ficoseco","status":"publish","type":"post","link":"https:\/\/notinor.com\/jujuy\/denuncia-penal-al-ex-intendente-rolando-ficoseco\/","title":{"rendered":"Denuncia penal al ex intendente Rolando Ficoseco"},"content":{"rendered":"\n<figure class=\"wp-block-image size-large\"><img decoding=\"async\" loading=\"lazy\" width=\"1280\" height=\"960\" src=\"https:\/\/i0.wp.com\/notinor.com\/jujuy\/wp-content\/uploads\/2020\/06\/WhatsApp-Image-2020-06-12-at-5.51.39-PM.jpeg?fit=640%2C480&amp;ssl=1\" alt=\"\" class=\"wp-image-245123\" srcset=\"https:\/\/notinor.com\/jujuy\/wp-content\/uploads\/2020\/06\/WhatsApp-Image-2020-06-12-at-5.51.39-PM.jpeg 1280w, https:\/\/notinor.com\/jujuy\/wp-content\/uploads\/2020\/06\/WhatsApp-Image-2020-06-12-at-5.51.39-PM-487x365.jpeg 487w, https:\/\/notinor.com\/jujuy\/wp-content\/uploads\/2020\/06\/WhatsApp-Image-2020-06-12-at-5.51.39-PM-640x480.jpeg 640w, https:\/\/notinor.com\/jujuy\/wp-content\/uploads\/2020\/06\/WhatsApp-Image-2020-06-12-at-5.51.39-PM-768x576.jpeg 768w\" sizes=\"(max-width: 1280px) 100vw, 1280px\" \/><\/figure>\n\n\n\n<p>En el d\u00eda de hoy pasado el mediod\u00eda se conoci\u00f3 la denuncia penal en contra del Ex Intendente de Perico Rolando Pascual Ficoseco. La misma la dio a conocer el asesor legal del Municipio Dr. Gonzalo de la Colina.<\/p>\n\n\n\n<p> Los  cargos que pesan sobre el ex Intendente de Perico, dijo De la Colina, Incumplimiento de los deberes de funcionario publico, malversaci\u00f3n de caudales p\u00fablicos, negociaciones incompatibles de la funci\u00f3n p\u00fablica. Delitos tipificados por los art\u00edculos 245, 260 y 265 del c\u00f3digo penal.<\/p>\n\n\n\n<p> Se interpuso denuncia, se adjuntaron las pruebas suficientes comparativas acordes a la comisi\u00f3n de los delitos que se le inculpan, ingreso a la Fiscal\u00eda de Investigaci\u00f3n Especializada en Derecho contra la Administraci\u00f3n P\u00fablica, a cargo del Doctor Funes.<\/p>\n\n\n\n<figure class=\"wp-block-image size-large\"><img decoding=\"async\" loading=\"lazy\" width=\"1280\" height=\"770\" src=\"https:\/\/i1.wp.com\/notinor.com\/jujuy\/wp-content\/uploads\/2020\/06\/WhatsApp-Image-2020-06-12-at-6.23.45-PM-1.jpeg?fit=798%2C480&amp;ssl=1\" alt=\"\" class=\"wp-image-245128\" srcset=\"https:\/\/notinor.com\/jujuy\/wp-content\/uploads\/2020\/06\/WhatsApp-Image-2020-06-12-at-6.23.45-PM-1.jpeg 1280w, https:\/\/notinor.com\/jujuy\/wp-content\/uploads\/2020\/06\/WhatsApp-Image-2020-06-12-at-6.23.45-PM-1-607x365.jpeg 607w, https:\/\/notinor.com\/jujuy\/wp-content\/uploads\/2020\/06\/WhatsApp-Image-2020-06-12-at-6.23.45-PM-1-798x480.jpeg 798w, https:\/\/notinor.com\/jujuy\/wp-content\/uploads\/2020\/06\/WhatsApp-Image-2020-06-12-at-6.23.45-PM-1-768x462.jpeg 768w\" sizes=\"(max-width: 1280px) 100vw, 1280px\" \/><\/figure>\n\n\n\n<p> Por otro lado el Asesor Legal del municipio de Perico informa que se ha iniciado la tarea investigativa a la ex encargada de Cementerio  San Jose, ya que la actual Encargada y otros funcionarios del municipio luego de Investigaci\u00f3nes de varios meses se observo que la administraci\u00f3n anterior vendi\u00f3 terrenos de manera irregular.<\/p>\n\n\n\n<p> Se removieron cuerpos de difuntos sin previa Autorizaci\u00f3n. Emisi\u00f3n de recibos por fuera del circuito administrativo.  Para lo cual hizo un llamado a la sociedad por alguna situaci\u00f3n anormal que se haya observado en la anterior gesti\u00f3n. <\/p>\n\n\n\n<figure class=\"wp-block-image size-large\"><img decoding=\"async\" loading=\"lazy\" width=\"1280\" height=\"911\" src=\"https:\/\/i2.wp.com\/notinor.com\/jujuy\/wp-content\/uploads\/2020\/06\/WhatsApp-Image-2020-06-12-at-6.23.45-PM.jpeg?fit=674%2C480&amp;ssl=1\" alt=\"\" class=\"wp-image-245129\" srcset=\"https:\/\/notinor.com\/jujuy\/wp-content\/uploads\/2020\/06\/WhatsApp-Image-2020-06-12-at-6.23.45-PM.jpeg 1280w, https:\/\/notinor.com\/jujuy\/wp-content\/uploads\/2020\/06\/WhatsApp-Image-2020-06-12-at-6.23.45-PM-513x365.jpeg 513w, https:\/\/notinor.com\/jujuy\/wp-content\/uploads\/2020\/06\/WhatsApp-Image-2020-06-12-at-6.23.45-PM-674x480.jpeg 674w, https:\/\/notinor.com\/jujuy\/wp-content\/uploads\/2020\/06\/WhatsApp-Image-2020-06-12-at-6.23.45-PM-768x547.jpeg 768w\" sizes=\"(max-width: 1280px) 100vw, 1280px\" \/><\/figure>\n\n\n\n<p>A efectos de dar las soluciones correspondientes. Y realizar las denuncias pertinentes a los responsables.<\/p>\n","protected":false},"excerpt":{"rendered":"<p>En el d\u00eda de hoy pasado el mediod\u00eda se conoci\u00f3 la denuncia penal en contra del Ex Intendente de Perico Rolando Pascual Ficoseco. La misma la dio a conocer el asesor legal del Municipio Dr. Gonzalo de la Colina. Los cargos que pesan sobre el ex Intendente de Perico, dijo De la Colina, Incumplimiento de [&hellip;]<\/p>\n","protected":false},"author":40,"featured_media":245123,"comment_status":"open","ping_status":"open","sticky":false,"template":"","format":"standard","meta":{"_stopmodifiedupdate":false,"_modified_date":"","inline_featured_image":false,"spay_email":"","jetpack_publicize_message":""},"categories":[4],"tags":[],"jetpack_featured_media_url":"https:\/\/notinor.com\/jujuy\/wp-content\/uploads\/2020\/06\/WhatsApp-Image-2020-06-12-at-5.51.39-PM.jpeg","jetpack_publicize_connections":[],"_links":{"self":[{"href":"https:\/\/notinor.com\/jujuy\/wp-json\/wp\/v2\/posts\/245122"}],"collection":[{"href":"https:\/\/notinor.com\/jujuy\/wp-json\/wp\/v2\/posts"}],"about":[{"href":"https:\/\/notinor.com\/jujuy\/wp-json\/wp\/v2\/types\/post"}],"author":[{"embeddable":true,"href":"https:\/\/notinor.com\/jujuy\/wp-json\/wp\/v2\/users\/40"}],"replies":[{"embeddable":true,"href":"https:\/\/notinor.com\/jujuy\/wp-json\/wp\/v2\/comments?post=245122"}],"version-history":[{"count":2,"href":"https:\/\/notinor.com\/jujuy\/wp-json\/wp\/v2\/posts\/245122\/revisions"}],"predecessor-version":[{"id":245130,"href":"https:\/\/notinor.com\/jujuy\/wp-json\/wp\/v2\/posts\/245122\/revisions\/245130"}],"wp:featuredmedia":[{"embeddable":true,"href":"https:\/\/notinor.com\/jujuy\/wp-json\/wp\/v2\/media\/245123"}],"wp:attachment":[{"href":"https:\/\/notinor.com\/jujuy\/wp-json\/wp\/v2\/media?parent=245122"}],"wp:term":[{"taxonomy":"category","embeddable":true,"href":"https:\/\/notinor.com\/jujuy\/wp-json\/wp\/v2\/categories?post=245122"},{"taxonomy":"post_tag","embeddable":true,"href":"https:\/\/notinor.com\/jujuy\/wp-json\/wp\/v2\/tags?post=245122"}],"curies":[{"name":"wp","href":"https:\/\/api.w.org\/{rel}","templated":true}]}}