{"id":245115,"date":"2020-06-12T17:51:51","date_gmt":"2020-06-12T20:51:51","guid":{"rendered":"https:\/\/notinor.com\/jujuy\/?p=245115"},"modified":"2020-06-12T17:51:55","modified_gmt":"2020-06-12T20:51:55","slug":"la-nasa-publico-una-impactante-foto-del-cielo-nocturno-argentino","status":"publish","type":"post","link":"https:\/\/notinor.com\/jujuy\/la-nasa-publico-una-impactante-foto-del-cielo-nocturno-argentino\/","title":{"rendered":"La NASA public\u00f3 una impactante foto del cielo nocturno argentino"},"content":{"rendered":"\n<p> La agencia espacial comparti\u00f3 una postal que fue capturada desde\u00a0la provincia de\u00a0San Juan.\u00a0El autor de la fotograf\u00eda, oriundo de Buenos Aires, estuvo\u00a0nueve noches en ese lugar hasta lograr\u00a0la precisi\u00f3n que \u00e9l quer\u00eda.\u00a0<em><strong>Mir\u00e1 las im\u00e1genes<\/strong><\/em>. <\/p>\n\n\n\n<figure class=\"wp-block-image\"><img decoding=\"async\" src=\"https:\/\/www.cronica.com.ar\/__export\/1591883142284\/sites\/cronica\/img\/2020\/06\/11\/nasa_2_crop1591882547481.jpg_1734428432.jpg\" alt=\"La NASA public\u00f3\u00a0una fotograf\u00eda que muestra\u00a0la incre\u00edble inmensidad del cosmos.\"\/><\/figure>\n\n\n\n<p>La Administraci\u00f3n Nacional de la Aeron\u00e1utica y del Espacio (<strong>&nbsp;<a href=\"https:\/\/www.cronica.com.ar\/tags\/NASA\">NASA<\/a><\/strong>) comparti\u00f3 el \u00faltimo martes una incre\u00edble&nbsp;<strong>imagen&nbsp;del cielo de la provincia argentina de&nbsp;&nbsp;<a href=\"https:\/\/www.cronica.com.ar\/tags\/San%20Juan\">San Juan<\/a><\/strong>, capturada por el fot\u00f3grafo&nbsp;<strong>Nicol\u00e1s Tabbush&nbsp;<\/strong>y cuyo t\u00edtulo es<em>&nbsp;\"Ori\u00f3n en&nbsp;<a href=\"https:\/\/www.cronica.com.ar\/tags\/San%20Juan\">San Juan<\/a>\"<\/em>.<\/p>\n\n\n\n<p>La agencia espacial tiene una secci\u00f3n espec\u00edfica que se aboca a publicar, por lo menos una vez al d\u00eda,&nbsp;una fotograf\u00eda que muestre&nbsp;la impactante inmensidad del cosmos.&nbsp;El sitio se llama&nbsp;APOD (<em>\"Astronomy Picture of the Day\"&nbsp;<\/em>y&nbsp;en castellano&nbsp;<em>\"La Foto Astron\u00f3mica del D\u00eda\"<\/em>).<\/p>\n\n\n\n<p>La imagen&nbsp;fue capturada a comienzos del a\u00f1o pasado en la localidad de Barreal, en el&nbsp;Complejo Astron\u00f3mico El Leoncito (Casleo).<\/p>\n\n\n\n<figure class=\"wp-block-image\"><img decoding=\"async\" src=\"https:\/\/e00-marca.uecdn.es\/assets\/multimedia\/imagenes\/2020\/05\/20\/15899826230685.jpg\" alt=\"NASA: Renuncia el director de exploraci\u00f3n humana a una semana de ...\"\/><\/figure>\n\n\n\n<p> Sin duda los problemas demostrados en la viral publicaci\u00f3n son muy similares a los de todas las casas y sobretodo en este contexto actual \u00bfSeguiremos viendo en pr\u00f3ximos videos a\u00a0<strong>Camilo<\/strong>\u00a0lavar los platos? <\/p>\n\n\n\n<p>El autor de la fotograf\u00eda, oriundo de Buenos Aires, estuvo&nbsp;en ese lugar&nbsp;nueve&nbsp;<a href=\"https:\/\/www.cronica.com.ar\/tags\/noche\">noche<\/a>s hasta lograr&nbsp;la precisi\u00f3n en la imagen que \u00e9l quer\u00eda.&nbsp;<\/p>\n\n\n\n<p><em>\"Enormemente agradecido a esta instituci\u00f3n internacional (la&nbsp;<a href=\"https:\/\/www.cronica.com.ar\/tags\/NASA\">NASA<\/a>) por el reconocimiento\",<\/em>&nbsp;escribi\u00f3&nbsp;Tabbush en su cuenta de Instagram, donde tambi\u00e9n confes\u00f3:<em>&nbsp;\"Hac\u00eda tiempo que ten\u00eda en mente hacer esta composici\u00f3n, pero reci\u00e9n el a\u00f1o pasado se dio la oportunidad\".<\/em><\/p>\n\n\n\n<figure class=\"wp-block-image\"><img decoding=\"async\" src=\"https:\/\/www.cronica.com.ar\/export\/sites\/cronica\/img\/2020\/06\/11\/tuit_1.jpg_2085578697.jpg\" alt=\"\"\/><figcaption>La publicaci\u00f3n compartida en Instagram por el fot\u00f3grafo.<\/figcaption><\/figure>\n\n\n\n<figure class=\"wp-block-image\"><img decoding=\"async\" src=\"https:\/\/www.cronica.com.ar\/export\/sites\/cronica\/img\/2020\/06\/11\/astronomia.jpg_663438252.jpg\" alt=\"\"\/><figcaption>La impactante imagen capturada en&nbsp;<a href=\"https:\/\/www.cronica.com.ar\/tags\/San%20Juan\">San Juan<\/a>.<\/figcaption><\/figure>\n\n\n\n<p>La agencia del gobierno estadounidense que public\u00f3 la foto, tambi\u00e9n poste\u00f3 una segunda imagen donde explic\u00f3&nbsp;cu\u00e1les son las constelaciones y nebulosas que se pueden ver.&nbsp;<em>\"Una vez que te orient\u00e1s, pod\u00e9s ver las tres estrellas del cintur\u00f3n de&nbsp;Ori\u00f3n&nbsp;alineadas verticalmente cerca del centro de la imagen e incluso ubicar la Nebulosa de Ori\u00f3n en la esquina superior izquierda\",<\/em>&nbsp;indicaron.<\/p>\n\n\n\n<p>Seg\u00fan los expertos, en la fotograf\u00eda tambi\u00e9n es posible observar la&nbsp;<em>\"Nebulosa de la Cabeza de Caballo en el centro de la imagen y la Nebulosa de Flama la derecha\".<\/em>&nbsp;Por otra parte, explicaron que&nbsp;la foto<em>&nbsp;\"combina m\u00faltiples tomas del cielo de diferentes colores con una sola exposici\u00f3n est\u00e1tica en primer plano tomada en el crep\u00fasculo\".<\/em><\/p>\n\n\n\n<figure class=\"wp-block-image\"><img decoding=\"async\" src=\"https:\/\/www.cronica.com.ar\/export\/sites\/cronica\/img\/2020\/06\/11\/nasa_1.jpg_140025018.jpg\" alt=\"\"\/><figcaption>Las indicaciones que te muestran qu\u00e9 se puede observar en la imagen.<\/figcaption><\/figure>\n\n\n\n<p>De acuerdo con las indicaciones, en la imagen tambi\u00e9n es posible ver parte del&nbsp;Bucle de Barnard, la Nebulosa del Corredor, la Nebulosa M78 y los anillos de estrellas Alnilam y Mintaka.<\/p>\n","protected":false},"excerpt":{"rendered":"<p>La agencia espacial comparti\u00f3 una postal que fue capturada desde\u00a0la provincia de\u00a0San Juan.\u00a0El autor de la fotograf\u00eda, oriundo de Buenos Aires, estuvo\u00a0nueve noches en ese lugar hasta lograr\u00a0la precisi\u00f3n que \u00e9l quer\u00eda.\u00a0Mir\u00e1 las im\u00e1genes. La Administraci\u00f3n Nacional de la Aeron\u00e1utica y del Espacio (&nbsp;NASA) comparti\u00f3 el \u00faltimo martes una incre\u00edble&nbsp;imagen&nbsp;del cielo de la provincia argentina [&hellip;]<\/p>\n","protected":false},"author":40,"featured_media":245120,"comment_status":"open","ping_status":"open","sticky":false,"template":"","format":"standard","meta":{"_stopmodifiedupdate":false,"_modified_date":"","inline_featured_image":false,"spay_email":"","jetpack_publicize_message":""},"categories":[13],"tags":[],"jetpack_featured_media_url":"https:\/\/notinor.com\/jujuy\/wp-content\/uploads\/2020\/06\/15899826230685.jpg","jetpack_publicize_connections":[],"_links":{"self":[{"href":"https:\/\/notinor.com\/jujuy\/wp-json\/wp\/v2\/posts\/245115"}],"collection":[{"href":"https:\/\/notinor.com\/jujuy\/wp-json\/wp\/v2\/posts"}],"about":[{"href":"https:\/\/notinor.com\/jujuy\/wp-json\/wp\/v2\/types\/post"}],"author":[{"embeddable":true,"href":"https:\/\/notinor.com\/jujuy\/wp-json\/wp\/v2\/users\/40"}],"replies":[{"embeddable":true,"href":"https:\/\/notinor.com\/jujuy\/wp-json\/wp\/v2\/comments?post=245115"}],"version-history":[{"count":1,"href":"https:\/\/notinor.com\/jujuy\/wp-json\/wp\/v2\/posts\/245115\/revisions"}],"predecessor-version":[{"id":245121,"href":"https:\/\/notinor.com\/jujuy\/wp-json\/wp\/v2\/posts\/245115\/revisions\/245121"}],"wp:featuredmedia":[{"embeddable":true,"href":"https:\/\/notinor.com\/jujuy\/wp-json\/wp\/v2\/media\/245120"}],"wp:attachment":[{"href":"https:\/\/notinor.com\/jujuy\/wp-json\/wp\/v2\/media?parent=245115"}],"wp:term":[{"taxonomy":"category","embeddable":true,"href":"https:\/\/notinor.com\/jujuy\/wp-json\/wp\/v2\/categories?post=245115"},{"taxonomy":"post_tag","embeddable":true,"href":"https:\/\/notinor.com\/jujuy\/wp-json\/wp\/v2\/tags?post=245115"}],"curies":[{"name":"wp","href":"https:\/\/api.w.org\/{rel}","templated":true}]}}