{"id":245105,"date":"2020-06-12T17:47:24","date_gmt":"2020-06-12T20:47:24","guid":{"rendered":"https:\/\/notinor.com\/jujuy\/?p=245105"},"modified":"2020-06-12T17:47:28","modified_gmt":"2020-06-12T20:47:28","slug":"palpala-adhiere-a-la-ley-micaela","status":"publish","type":"post","link":"https:\/\/notinor.com\/jujuy\/palpala-adhiere-a-la-ley-micaela\/","title":{"rendered":"Palpal\u00e1 adhiere a la \"Ley Micaela\""},"content":{"rendered":"\n<h2>La ciudad fue uno de los primeros en adherir a dicha ley.<\/h2>\n\n\n\n<figure class=\"wp-block-image size-large\"><img decoding=\"async\" loading=\"lazy\" width=\"960\" height=\"784\" src=\"https:\/\/i0.wp.com\/notinor.com\/jujuy\/wp-content\/uploads\/2020\/06\/103475888_1724424124381378_7635508944700097814_o.png?fit=588%2C480&amp;ssl=1\" alt=\"\" class=\"wp-image-245116\" srcset=\"https:\/\/notinor.com\/jujuy\/wp-content\/uploads\/2020\/06\/103475888_1724424124381378_7635508944700097814_o.png 960w, https:\/\/notinor.com\/jujuy\/wp-content\/uploads\/2020\/06\/103475888_1724424124381378_7635508944700097814_o-447x365.png 447w, https:\/\/notinor.com\/jujuy\/wp-content\/uploads\/2020\/06\/103475888_1724424124381378_7635508944700097814_o-588x480.png 588w, https:\/\/notinor.com\/jujuy\/wp-content\/uploads\/2020\/06\/103475888_1724424124381378_7635508944700097814_o-768x627.png 768w\" sizes=\"(max-width: 960px) 100vw, 960px\" \/><\/figure>\n\n\n\n<p>La Coordinaci\u00f3n de\nPromoci\u00f3n y Asistencia Integral de la Mujer, a trav\u00e9s de la Direcci\u00f3n de\nParidad y G\u00e9nero, desarroll\u00f3 respuestas a las preguntas m\u00e1s frecuentes acerca\ndel significado, importancia y necesidad de esta ley. <\/p>\n\n\n\n<p>La aplicaci\u00f3n de la Ley\nMicaela se constituye como el fortalecimiento del compromiso del Estado\nmunicipal para preservar el derecho de las Mujeres y las ni\u00f1as a una vida sin\nviolencia.<\/p>\n\n\n\n<p>Por qu\u00e9 se llama Micaela<\/p>\n\n\n\n<p>La denominaci\u00f3n de la\nnorma hace referencia a&nbsp;Micaela\nGarc\u00eda, una&nbsp;joven de 21\na\u00f1os que fue violada y asesinada&nbsp;a la salida de un boliche, en\nGualeguay,&nbsp;por un hombre\nque&nbsp;ten\u00eda antecedentes de ataques sexuales&nbsp;y se encontraba\nen&nbsp;libertad condicional.<\/p>\n\n\n\n<p>Recordemos que la\nProvincia de Jujuy en diciembre de 2019 hab\u00eda adherido a la ley sobre la tem\u00e1tica\nde g\u00e9nero <\/p>\n\n\n\n<p>Los funcionarios\np\u00fablicos de los tres Poderes del Estado de la provincia de Jujuy deber\u00e1n\ncapacitarse en tem\u00e1ticas de g\u00e9nero y violencia contra las mujeres. Esto es lo\nque ordena la ley provincial N\u00b0 6.140 que la Legislatura local sancion\u00f3 en su sesi\u00f3n\nordinaria, disponiendo la adhesi\u00f3n a la ley nacional N\u00b0 27.499, conocida como\nLey Micaela.<\/p>\n\n\n\n<p>En Febrero de este a\u00f1o el\ngobernador Gerardo Morales &nbsp;anunci\u00f3 la firma del decreto para la\nreglamentaci\u00f3n de la \u201cLey Micaela\u201d y su aplicaci\u00f3n en &nbsp;el territorio\nprovincial, implicando un avance en materia de conquista de Derechos por la\nIgualdad de G\u00e9nero y la construcci\u00f3n de una &nbsp;sociedad libre de violencias\nhacia las mujeres.<\/p>\n\n\n\n<p>La ley 6.140 indica que\nla autoridad de aplicaci\u00f3n&nbsp;remitir\u00e1 a la Legislatura de la Provincia un&nbsp;informe anual de las capacitaciones\nrealizadas&nbsp;y los resultados o evaluaci\u00f3n del impacto de dichas\ncapacitaciones dentro del sistema gubernamental.<\/p>\n\n\n\n<p><strong>Si sufr\u00eds violencia de g\u00e9nero, comun\u00edcate al 144<\/strong>. Atiende las 24 horas<\/p>\n","protected":false},"excerpt":{"rendered":"<p>La ciudad fue uno de los primeros en adherir a dicha ley. La Coordinaci\u00f3n de Promoci\u00f3n y Asistencia Integral de la Mujer, a trav\u00e9s de la Direcci\u00f3n de Paridad y G\u00e9nero, desarroll\u00f3 respuestas a las preguntas m\u00e1s frecuentes acerca del significado, importancia y necesidad de esta ley. La aplicaci\u00f3n de la Ley Micaela se constituye [&hellip;]<\/p>\n","protected":false},"author":1,"featured_media":245116,"comment_status":"open","ping_status":"open","sticky":false,"template":"","format":"standard","meta":{"_stopmodifiedupdate":false,"_modified_date":"","inline_featured_image":false,"spay_email":"","jetpack_publicize_message":""},"categories":[4],"tags":[],"jetpack_featured_media_url":"https:\/\/notinor.com\/jujuy\/wp-content\/uploads\/2020\/06\/103475888_1724424124381378_7635508944700097814_o.png","jetpack_publicize_connections":[],"_links":{"self":[{"href":"https:\/\/notinor.com\/jujuy\/wp-json\/wp\/v2\/posts\/245105"}],"collection":[{"href":"https:\/\/notinor.com\/jujuy\/wp-json\/wp\/v2\/posts"}],"about":[{"href":"https:\/\/notinor.com\/jujuy\/wp-json\/wp\/v2\/types\/post"}],"author":[{"embeddable":true,"href":"https:\/\/notinor.com\/jujuy\/wp-json\/wp\/v2\/users\/1"}],"replies":[{"embeddable":true,"href":"https:\/\/notinor.com\/jujuy\/wp-json\/wp\/v2\/comments?post=245105"}],"version-history":[{"count":2,"href":"https:\/\/notinor.com\/jujuy\/wp-json\/wp\/v2\/posts\/245105\/revisions"}],"predecessor-version":[{"id":245118,"href":"https:\/\/notinor.com\/jujuy\/wp-json\/wp\/v2\/posts\/245105\/revisions\/245118"}],"wp:featuredmedia":[{"embeddable":true,"href":"https:\/\/notinor.com\/jujuy\/wp-json\/wp\/v2\/media\/245116"}],"wp:attachment":[{"href":"https:\/\/notinor.com\/jujuy\/wp-json\/wp\/v2\/media?parent=245105"}],"wp:term":[{"taxonomy":"category","embeddable":true,"href":"https:\/\/notinor.com\/jujuy\/wp-json\/wp\/v2\/categories?post=245105"},{"taxonomy":"post_tag","embeddable":true,"href":"https:\/\/notinor.com\/jujuy\/wp-json\/wp\/v2\/tags?post=245105"}],"curies":[{"name":"wp","href":"https:\/\/api.w.org\/{rel}","templated":true}]}}