{"id":244893,"date":"2020-06-11T16:08:28","date_gmt":"2020-06-11T19:08:28","guid":{"rendered":"https:\/\/notinor.com\/jujuy\/?p=244893"},"modified":"2020-08-24T12:21:03","modified_gmt":"2020-08-24T15:21:03","slug":"dalma-maradona-se-cruzo-con-una-seguidora-que-la-trato-de-mantenida-a-mi-nunca-me-mando-un-cheque-nadie","status":"publish","type":"post","link":"https:\/\/notinor.com\/jujuy\/dalma-maradona-se-cruzo-con-una-seguidora-que-la-trato-de-mantenida-a-mi-nunca-me-mando-un-cheque-nadie\/","title":{"rendered":"Dalma Maradona se cruz\u00f3 con una seguidora que la trat\u00f3 de \u201cmantenida\u201d: \u201cA m\u00ed nunca me mand\u00f3 un cheque nadie\u201d"},"content":{"rendered":"\n<figure class=\"wp-block-image\"><img decoding=\"async\" src=\"https:\/\/static.paparazzi.com.ar\/wp-content\/uploads\/2020\/06\/dalma-maradona-1-758x426.jpg\" alt=\"\"\/><\/figure>\n\n\n\n<p><strong>Dalma Maradona<\/strong>&nbsp;vivi\u00f3 unos d\u00edas de furia contra el entorno de su pap\u00e1, Diego. A trav\u00e9s de una serie de mensajes en su cuenta de Twitter,&nbsp;<a href=\"https:\/\/www.paparazzi.com.ar\/teve\/dalma-maradona-sospecha-que-rocio-oliva-todavia-tiene-alguna-relacion-con-diego-y-por-eso-no-lo-puede-ver-ella-les-miente-en-la-cara\/\">la hija del 10&nbsp;<\/a>se quej\u00f3 de no poder comunicarse con su padre y cont\u00f3 que le habr\u00edan cambiado el n\u00famero de tel\u00e9fono denunciando a su entorno, principalmente a Mat\u00edas Morla, abogado y amigo de Diego.<\/p>\n\n\n\n<p><em>\u201cA diferencia de lo que ustedes pueden pensar, yo no le pido nada ni le lleno la cabeza\u201d, asegur\u00f3 la hermana de Giannina, para diferenciarse de Oliva, a quien Diego le habr\u00eda comprado una camioneta en los \u00faltimos d\u00edas.&nbsp;<a href=\"https:\/\/www.paparazzi.com.ar\/teve\/dalma-maradona-conto-cual-es-el-particular-nombre-que-tiene-el-grupo-de-whatsapp-de-la-familia\/\">\u201cSolo hablamos y le muestro por c\u00e1mara a mi hija<\/a>. \u00bf<strong>Hasta de eso lo van a privar<\/strong>?\u201d<\/em>, escribi\u00f3 Dalma.<\/p>\n\n\n\n<p>Y agreg\u00f3 furiosa:&nbsp;<em>\u201cSolo comun\u00edquense conmigo y&nbsp;<strong>p\u00e1senme el n\u00famero nuevo de mi pap\u00e1<\/strong>. Si se puede antes del d\u00eda del padre, mejor. Hago esto p\u00fablico porque al entorno de mi padre lo \u00fanico que le interesa es no quedar mal p\u00fablicamente\u201d<\/em><\/p>\n\n\n\n<p>Entre los muchos comentarios que recibi\u00f3 Dalma en la red social hubo uno de una seguidora que gener\u00f3 la bronca de la actriz. La mujer respondi\u00f3 a sus tweets con iron\u00eda: \u201c\u00bfNo te lleg\u00f3 el cheque?\u201d. Enojada, Maradona le respondi\u00f3: \u201c\u00a1\u00bfQu\u00e9 cheque rid\u00edcula?! \u00a1Eso habla m\u00e1s de vos que de m\u00ed!\u201d.<\/p>\n\n\n\n<div class=\"wp-block-image\"><figure class=\"aligncenter is-resized\"><img decoding=\"async\" loading=\"lazy\" src=\"https:\/\/www.ciudad.com.ar\/sites\/default\/files\/styles\/nota_especiales_contenido\/public\/dalma_1_17.jpg?itok=AkE5Dek0\" alt=\"Fuerte cruce de Dalma Maradona con una seguidora que la trat\u00f3 de &quot;mantenida&quot;: &quot;A m\u00ed nunca me mand\u00f3 un cheque nadie&quot;\" width=\"401\" height=\"539\"\/><\/figure><\/div>\n\n\n\n<p>Pero la usuaria retruc\u00f3 sobre ella y su hermana Gianinna: \u201c\u00a1De vos habl\u00e1s vos sola! \u00a1\u00a1Siempre quej\u00e1ndote!! \u00a1Dejen de ser mantenidas y laburen! Ya cansan\u201d. Cansada de las cr\u00edticas, Dalma le contest\u00f3: \u201cA m\u00ed nunca me mand\u00f3 un cheque nadie. Por eso no entend\u00ed\u2026 Qu\u00e9 mala suerte que mi tweet te aparezca solo. Te encantaaaaaaa\u201d, junto a varios emojis llorando de risa.<\/p>\n","protected":false},"excerpt":{"rendered":"<p>Dalma Maradona&nbsp;vivi\u00f3 unos d\u00edas de furia contra el entorno de su pap\u00e1, Diego. A trav\u00e9s de una serie de mensajes en su cuenta de Twitter,&nbsp;la hija del 10&nbsp;se quej\u00f3 de no poder comunicarse con su padre y cont\u00f3 que le habr\u00edan cambiado el n\u00famero de tel\u00e9fono denunciando a su entorno, principalmente a Mat\u00edas Morla, abogado [&hellip;]<\/p>\n","protected":false},"author":40,"featured_media":244894,"comment_status":"open","ping_status":"open","sticky":false,"template":"","format":"standard","meta":{"_stopmodifiedupdate":false,"_modified_date":"","inline_featured_image":false},"categories":[21],"tags":[],"jetpack_featured_media_url":"https:\/\/notinor.com\/jujuy\/wp-content\/uploads\/2020\/06\/dalma-maradona-1-758x426-1.jpg","_links":{"self":[{"href":"https:\/\/notinor.com\/jujuy\/wp-json\/wp\/v2\/posts\/244893"}],"collection":[{"href":"https:\/\/notinor.com\/jujuy\/wp-json\/wp\/v2\/posts"}],"about":[{"href":"https:\/\/notinor.com\/jujuy\/wp-json\/wp\/v2\/types\/post"}],"author":[{"embeddable":true,"href":"https:\/\/notinor.com\/jujuy\/wp-json\/wp\/v2\/users\/40"}],"replies":[{"embeddable":true,"href":"https:\/\/notinor.com\/jujuy\/wp-json\/wp\/v2\/comments?post=244893"}],"version-history":[{"count":1,"href":"https:\/\/notinor.com\/jujuy\/wp-json\/wp\/v2\/posts\/244893\/revisions"}],"predecessor-version":[{"id":244895,"href":"https:\/\/notinor.com\/jujuy\/wp-json\/wp\/v2\/posts\/244893\/revisions\/244895"}],"wp:featuredmedia":[{"embeddable":true,"href":"https:\/\/notinor.com\/jujuy\/wp-json\/wp\/v2\/media\/244894"}],"wp:attachment":[{"href":"https:\/\/notinor.com\/jujuy\/wp-json\/wp\/v2\/media?parent=244893"}],"wp:term":[{"taxonomy":"category","embeddable":true,"href":"https:\/\/notinor.com\/jujuy\/wp-json\/wp\/v2\/categories?post=244893"},{"taxonomy":"post_tag","embeddable":true,"href":"https:\/\/notinor.com\/jujuy\/wp-json\/wp\/v2\/tags?post=244893"}],"curies":[{"name":"wp","href":"https:\/\/api.w.org\/{rel}","templated":true}]}}