{"id":244878,"date":"2020-06-11T15:51:05","date_gmt":"2020-06-11T18:51:05","guid":{"rendered":"https:\/\/notinor.com\/jujuy\/?p=244878"},"modified":"2020-06-11T15:51:07","modified_gmt":"2020-06-11T18:51:07","slug":"murio-a-los-86-anos-el-actor-rodolfo-machado","status":"publish","type":"post","link":"https:\/\/notinor.com\/jujuy\/murio-a-los-86-anos-el-actor-rodolfo-machado\/","title":{"rendered":"Muri\u00f3 a los 86 a\u00f1os el actor Rodolfo Machado"},"content":{"rendered":"\n<p> La noticia la comunic\u00f3 la Asociaci\u00f3n Argentina de Actores este jueves al mediod\u00eda. Trabaj\u00f3 en teatro, cine y televisi\u00f3n <\/p>\n\n\n\n<figure class=\"wp-block-image\"><img decoding=\"async\" src=\"https:\/\/www.infobae.com\/new-resizer\/l8hpdXqIXZ_cr8_LzNB0QaCAwCA=\/750x0\/filters:quality(100)\/cloudfront-us-east-1.images.arcpublishing.com\/infobae\/ZP5QZK4S6RAVXEMCZ4FWBE5CQ4.jpg\" alt=\"\"\/><\/figure>\n\n\n\n<p>Muri\u00f3 a los 86 a\u00f1os el actor&nbsp;<strong>Rodolfo Machado<\/strong>. La noticia la comunic\u00f3 la&nbsp;<strong>Asociaci\u00f3n Argentina de Actores<\/strong>&nbsp;a trav\u00e9s de un comunicado que difundi\u00f3 este mediod\u00eda en las redes sociales. \u201cLamentamos profundamente el fallecimiento del actor Rodolfo Machado. En su extensa y reconocida trayectoria art\u00edstica trabaj\u00f3 en teatro, cine y televisi\u00f3n. Estaba afiliado a la Asociaci\u00f3n Argentina de Actores desde 1955\u201d, indicaron desde la instituci\u00f3n.<\/p>\n\n\n\n<p>De&nbsp;<strong>familia de artistas<\/strong>, Rodolfo era hijo del tambi\u00e9n actor&nbsp;<strong>Juan Ignacio Machado<\/strong>. Sus dos hijos,&nbsp;<strong>Juan Ignacio y Pablo<\/strong>&nbsp;(Pato) tambi\u00e9n siguieron la carrera sobre el escenario. Tambi\u00e9n era t\u00edo de la recordada actriz&nbsp;<strong>Estela Molly<\/strong>, hija del artista pl\u00e1stico Ricardo Lavi\u00e9 (hermano de Machado) y Noem\u00ed Laserre<\/p>\n\n\n\n<p>En televisi\u00f3n, form\u00f3 parte de populares ficciones, como<em><strong>Los Simuladores<\/strong><\/em><em>, Me llaman gorri\u00f3n, Rosa de lejos, Am\u00e1ndote, Las comedias de Dar\u00edo Vittori, Dulce Ana, Celeste, Alta Comedia, La nena,&nbsp;<\/em><em><strong>Mu\u00f1eca brava<\/strong><\/em><em>,&nbsp;<\/em><em><strong>El show de Carlitos Bal\u00e1<\/strong><\/em><em>, Yolanda Luj\u00e1n, Detective de se\u00f1oras, Teatro como en el teatro,&nbsp;<\/em><em><strong>La Ni\u00f1era<\/strong><\/em>, entre muchas otras.<\/p>\n\n\n\n<figure class=\"wp-block-image\"><a href=\"https:\/\/twitter.com\/intent\/tweet?text=Muri%C3%B3%20a%20los%2086%20a%C3%B1os%20el%20actor%20Rodolfo%20Machado&amp;url=https:\/\/www.infobae.com\/teleshow\/infoshow\/2020\/06\/11\/murio-a-los-82-anos-el-actor-rodolfo-machado\/%23FQKQQY56NRGDLDUWGZ3RFU4POE\" target=\"_blank\" rel=\"noreferrer noopener\"><img decoding=\"async\" src=\"https:\/\/www.infobae.com\/new-resizer\/JrEnIXb6XqOoLxnCbfWHCjSYOL4=\/750x0\/filters:quality(100)\/cloudfront-us-east-1.images.arcpublishing.com\/infobae\/FQKQQY56NRGDLDUWGZ3RFU4POE.jpg\" alt=\"Rodolfo Machado junto a Facundo Arana, con quien comparti\u00f3 elenco en \"\/><\/a><figcaption>Rodolfo Machado junto a Facundo Arana, con quien comparti\u00f3 elenco en \"Mu\u00f1eca Brava\"<\/figcaption><\/figure>\n\n\n\n<p>Su trayectoria cinematogr\u00e1fica incluye t\u00edtulos como&nbsp;<em>La vuelta de Mart\u00edn Fierro, Correccional de mujeres,&nbsp;<\/em><em><strong>La sonrisa de mam\u00e1<\/strong><\/em><em>, Atracci\u00f3n peculiar, La b\u00fasqueda,&nbsp;<\/em><em><strong>El picnic de los Campanelli<\/strong><\/em><em>, Hab\u00eda una vez un circo, Los chicos crecen<\/em>, entre otros films.<\/p>\n\n\n\n<p>Entre sus numerosos trabajos teatrales se encuentran las obras&nbsp;<em>El gran rebelde, Macbeth, Moreira!, Y...?, Madre coraje, Sinverg\u00fcenzas, El patio de la morocha, Cerraron el bingo... me quiero matar!, El var\u00f3n globalizado, Poder, apogeo y esc\u00e1ndalo del Coronel Dorrego<\/em>. Fue dirigido por Alejandra Boero, Homero C\u00e1rpena, Luis Saslavsky, Pedro Asquini, entre otros reconocidos directores.<\/p>\n\n\n\n<p>Rodolfo Machado trabaj\u00f3 hasta el a\u00f1o pasado. En<strong>&nbsp;abril de 2019<\/strong>&nbsp;realiz\u00f3 su unipersonal&nbsp;<em><strong>Jubilados en Colectivos&nbsp;<\/strong><\/em>en elCentro de Jubilados de Marcos Paz. El espect\u00e1culo estaba basado en el relato de la descripci\u00f3n de las etapas de la vida desde la fecundaci\u00f3n a la jubilaci\u00f3n.<\/p>\n\n\n\n<figure class=\"wp-block-image\"><a href=\"https:\/\/twitter.com\/intent\/tweet?text=Muri%C3%B3%20a%20los%2086%20a%C3%B1os%20el%20actor%20Rodolfo%20Machado&amp;url=https:\/\/www.infobae.com\/teleshow\/infoshow\/2020\/06\/11\/murio-a-los-82-anos-el-actor-rodolfo-machado\/%23LLE6MJILGVBKHN5UKLYZFZP7JI\" target=\"_blank\" rel=\"noreferrer noopener\"><img decoding=\"async\" src=\"https:\/\/www.infobae.com\/new-resizer\/TCP3z862STh6UYrJmQnY1sZoDMw=\/750x0\/filters:quality(100)\/cloudfront-us-east-1.images.arcpublishing.com\/infobae\/LLE6MJILGVBKHN5UKLYZFZP7JI.jpg\" alt=\"Rodolfo Machado ten\u00eda 86 a\u00f1os (NMP Noticias Marcos Paz)\"\/><\/a><figcaption>Rodolfo Machado ten\u00eda 86 a\u00f1os (NMP Noticias Marcos Paz)<\/figcaption><\/figure>\n\n\n\n<p>\u201cSe replet\u00f3, un p\u00fablico hermoso abierto a escuchar.&nbsp;<strong>Llevo un a\u00f1o sin trabajar y era mi primer enfrentamiento con el p\u00fablico despu\u00e9s de ese tiempo y pareciera que estoy medio entero<\/strong>. El resultado fue muy bueno, ideal para m\u00ed. Fue muy lindo ver al p\u00fablico aplaudir,&nbsp;<strong>yo s\u00e9 cuando el cari\u00f1o es sincero y gusta o no lo que hago<\/strong>\u201d, dijo luego de la funci\u00f3n -en la que fue aplaudido de pie- el actor en una entrevista que brind\u00f3 al Sistema de Medios P\u00fablicos de Marcos Paz.<\/p>\n\n\n\n<p>El actor ten\u00eda una cada de fin de semana en dicha localidad. Pero con el tiempo decidi\u00f3 radicarse all\u00ed.&nbsp;<strong>\"Esta ciudad me salv\u00f3 la vida\u201d<\/strong>, dijo luego de un reconocimiento de las autoridades por Marcos Paz, ciudad que fund\u00f3 el abuelo de la esposa de Machado.<\/p>\n\n\n\n<figure class=\"wp-block-image\"><a href=\"https:\/\/twitter.com\/intent\/tweet?text=Muri%C3%B3%20a%20los%2086%20a%C3%B1os%20el%20actor%20Rodolfo%20Machado&amp;url=https:\/\/www.infobae.com\/teleshow\/infoshow\/2020\/06\/11\/murio-a-los-82-anos-el-actor-rodolfo-machado\/%23ACLUYCZAINBIHOIGCN67T5B47A\" target=\"_blank\" rel=\"noreferrer noopener\"><img decoding=\"async\" src=\"https:\/\/www.infobae.com\/new-resizer\/qc5VtiwRoMWeYOgRB6u_50bBPrM=\/750x0\/filters:quality(100)\/cloudfront-us-east-1.images.arcpublishing.com\/infobae\/ACLUYCZAINBIHOIGCN67T5B47A.jpg\" alt=\"El a\u00f1o pasado realiz\u00f3 el unipersonal \"\/><\/a><figcaption>El a\u00f1o pasado realiz\u00f3 el unipersonal \"Jubilados en Colectivos\" en el Centro de Jubilados de Marcos Paz (NMP Noticias Marcos Paz)<\/figcaption><\/figure>\n","protected":false},"excerpt":{"rendered":"<p>La noticia la comunic\u00f3 la Asociaci\u00f3n Argentina de Actores este jueves al mediod\u00eda. Trabaj\u00f3 en teatro, cine y televisi\u00f3n Muri\u00f3 a los 86 a\u00f1os el actor&nbsp;Rodolfo Machado. La noticia la comunic\u00f3 la&nbsp;Asociaci\u00f3n Argentina de Actores&nbsp;a trav\u00e9s de un comunicado que difundi\u00f3 este mediod\u00eda en las redes sociales. \u201cLamentamos profundamente el fallecimiento del actor Rodolfo Machado. [&hellip;]<\/p>\n","protected":false},"author":40,"featured_media":244879,"comment_status":"open","ping_status":"open","sticky":false,"template":"","format":"standard","meta":{"_stopmodifiedupdate":false,"_modified_date":"","inline_featured_image":false},"categories":[13],"tags":[],"jetpack_featured_media_url":"https:\/\/notinor.com\/jujuy\/wp-content\/uploads\/2020\/06\/ZP5QZK4S6RAVXEMCZ4FWBE5CQ4.jpg","_links":{"self":[{"href":"https:\/\/notinor.com\/jujuy\/wp-json\/wp\/v2\/posts\/244878"}],"collection":[{"href":"https:\/\/notinor.com\/jujuy\/wp-json\/wp\/v2\/posts"}],"about":[{"href":"https:\/\/notinor.com\/jujuy\/wp-json\/wp\/v2\/types\/post"}],"author":[{"embeddable":true,"href":"https:\/\/notinor.com\/jujuy\/wp-json\/wp\/v2\/users\/40"}],"replies":[{"embeddable":true,"href":"https:\/\/notinor.com\/jujuy\/wp-json\/wp\/v2\/comments?post=244878"}],"version-history":[{"count":1,"href":"https:\/\/notinor.com\/jujuy\/wp-json\/wp\/v2\/posts\/244878\/revisions"}],"predecessor-version":[{"id":244880,"href":"https:\/\/notinor.com\/jujuy\/wp-json\/wp\/v2\/posts\/244878\/revisions\/244880"}],"wp:featuredmedia":[{"embeddable":true,"href":"https:\/\/notinor.com\/jujuy\/wp-json\/wp\/v2\/media\/244879"}],"wp:attachment":[{"href":"https:\/\/notinor.com\/jujuy\/wp-json\/wp\/v2\/media?parent=244878"}],"wp:term":[{"taxonomy":"category","embeddable":true,"href":"https:\/\/notinor.com\/jujuy\/wp-json\/wp\/v2\/categories?post=244878"},{"taxonomy":"post_tag","embeddable":true,"href":"https:\/\/notinor.com\/jujuy\/wp-json\/wp\/v2\/tags?post=244878"}],"curies":[{"name":"wp","href":"https:\/\/api.w.org\/{rel}","templated":true}]}}