{"id":244860,"date":"2020-06-11T14:13:30","date_gmt":"2020-06-11T17:13:30","guid":{"rendered":"https:\/\/notinor.com\/jujuy\/?p=244860"},"modified":"2020-06-11T14:13:35","modified_gmt":"2020-06-11T17:13:35","slug":"plan-integral-de-asistencia-al-adulto-mayor-en-el-carmen","status":"publish","type":"post","link":"https:\/\/notinor.com\/jujuy\/plan-integral-de-asistencia-al-adulto-mayor-en-el-carmen\/","title":{"rendered":"Plan integral de asistencia al adulto mayor en el Carmen"},"content":{"rendered":"\n<h2>Hasta hoy llevan 1150 adultos mayores registrados.<\/h2>\n\n\n\n<figure class=\"wp-block-image size-large\"><img decoding=\"async\" loading=\"lazy\" width=\"960\" height=\"720\" src=\"https:\/\/i2.wp.com\/notinor.com\/jujuy\/wp-content\/uploads\/2020\/06\/103246909_3111305095625815_2768920991673983707_o.jpg?fit=640%2C480&amp;ssl=1\" alt=\"\" class=\"wp-image-244861\" srcset=\"https:\/\/notinor.com\/jujuy\/wp-content\/uploads\/2020\/06\/103246909_3111305095625815_2768920991673983707_o.jpg 960w, https:\/\/notinor.com\/jujuy\/wp-content\/uploads\/2020\/06\/103246909_3111305095625815_2768920991673983707_o-487x365.jpg 487w, https:\/\/notinor.com\/jujuy\/wp-content\/uploads\/2020\/06\/103246909_3111305095625815_2768920991673983707_o-640x480.jpg 640w, https:\/\/notinor.com\/jujuy\/wp-content\/uploads\/2020\/06\/103246909_3111305095625815_2768920991673983707_o-768x576.jpg 768w\" sizes=\"(max-width: 960px) 100vw, 960px\" \/><\/figure>\n\n\n\n<p>Personal de la Direcci\u00f3n de Acci\u00f3n Social del el Carmen realizo\nvisitas a cada uno de los hogares de aquella ciudad. El objetivo de la misma\nfue recabar informaci\u00f3n para as\u00ed conocer la realidad del Adulto Mayor en el\ncontexto del COVID - 19, identificando situaciones de riesgo que atraviesan\npara generar l\u00edneas de acciones como el acompa\u00f1amiento, contenci\u00f3n y\nasistencia. <\/p>\n\n\n\n<p>Hasta hoy llevan 1150 adultos mayores registrados.<\/p>\n\n\n\n<p>Recordemos que el Plan\nde Acci\u00f3n Integral de Adultos Mayores, uno de los pilares, junto al\nfortalecimiento sanitario y de fronteras seguras encarada por la provincia en\nvirtud de la pandemia producida por el coronavirus.<\/p>\n","protected":false},"excerpt":{"rendered":"<p>Hasta hoy llevan 1150 adultos mayores registrados. Personal de la Direcci\u00f3n de Acci\u00f3n Social del el Carmen realizo visitas a cada uno de los hogares de aquella ciudad. El objetivo de la misma fue recabar informaci\u00f3n para as\u00ed conocer la realidad del Adulto Mayor en el contexto del COVID - 19, identificando situaciones de riesgo [&hellip;]<\/p>\n","protected":false},"author":1,"featured_media":244861,"comment_status":"open","ping_status":"open","sticky":false,"template":"","format":"standard","meta":{"_stopmodifiedupdate":false,"_modified_date":"","inline_featured_image":false},"categories":[4],"tags":[],"jetpack_featured_media_url":"https:\/\/notinor.com\/jujuy\/wp-content\/uploads\/2020\/06\/103246909_3111305095625815_2768920991673983707_o.jpg","_links":{"self":[{"href":"https:\/\/notinor.com\/jujuy\/wp-json\/wp\/v2\/posts\/244860"}],"collection":[{"href":"https:\/\/notinor.com\/jujuy\/wp-json\/wp\/v2\/posts"}],"about":[{"href":"https:\/\/notinor.com\/jujuy\/wp-json\/wp\/v2\/types\/post"}],"author":[{"embeddable":true,"href":"https:\/\/notinor.com\/jujuy\/wp-json\/wp\/v2\/users\/1"}],"replies":[{"embeddable":true,"href":"https:\/\/notinor.com\/jujuy\/wp-json\/wp\/v2\/comments?post=244860"}],"version-history":[{"count":1,"href":"https:\/\/notinor.com\/jujuy\/wp-json\/wp\/v2\/posts\/244860\/revisions"}],"predecessor-version":[{"id":244863,"href":"https:\/\/notinor.com\/jujuy\/wp-json\/wp\/v2\/posts\/244860\/revisions\/244863"}],"wp:featuredmedia":[{"embeddable":true,"href":"https:\/\/notinor.com\/jujuy\/wp-json\/wp\/v2\/media\/244861"}],"wp:attachment":[{"href":"https:\/\/notinor.com\/jujuy\/wp-json\/wp\/v2\/media?parent=244860"}],"wp:term":[{"taxonomy":"category","embeddable":true,"href":"https:\/\/notinor.com\/jujuy\/wp-json\/wp\/v2\/categories?post=244860"},{"taxonomy":"post_tag","embeddable":true,"href":"https:\/\/notinor.com\/jujuy\/wp-json\/wp\/v2\/tags?post=244860"}],"curies":[{"name":"wp","href":"https:\/\/api.w.org\/{rel}","templated":true}]}}