{"id":244848,"date":"2020-06-11T13:43:02","date_gmt":"2020-06-11T16:43:02","guid":{"rendered":"https:\/\/notinor.com\/jujuy\/?p=244848"},"modified":"2020-06-11T13:44:37","modified_gmt":"2020-06-11T16:44:37","slug":"jujuy-es-biodiversidad","status":"publish","type":"post","link":"https:\/\/notinor.com\/jujuy\/jujuy-es-biodiversidad\/","title":{"rendered":"Jujuy es biodiversidad"},"content":{"rendered":"\n<p>Por Elena Roca<\/p>\n\n\n\n<p>En el marco del \"D\u00eda Mundial del Medio Ambiente\",\nse desarroll\u00f3 en plaza Belgrano la intervenci\u00f3n de la instalaci\u00f3n \"Jujuy\nEnerg\u00eda Viva\" con plantas y flores nativas, junto a la Asociaci\u00f3n de\nProductores de Plantines Ornamentales de Jujuy ( APPOJUY) y la Delegaci\u00f3n Jujuy\nde la C\u00e1mara Argentina de Floristas.&nbsp; &nbsp;<\/p>\n\n\n\n<figure class=\"wp-block-image size-large\"><img decoding=\"async\" loading=\"lazy\" width=\"750\" height=\"355\" src=\"https:\/\/notinor.com\/jujuy\/wp-content\/uploads\/2020\/06\/energia.png\" alt=\"\" class=\"wp-image-244849\" srcset=\"https:\/\/notinor.com\/jujuy\/wp-content\/uploads\/2020\/06\/energia.png 750w, https:\/\/notinor.com\/jujuy\/wp-content\/uploads\/2020\/06\/energia-660x312.png 660w\" sizes=\"(max-width: 750px) 100vw, 750px\" \/><\/figure>\n\n\n\n<p class=\"has-background has-vivid-cyan-blue-background-color\"><strong>\"Estamos realizando la intervenci\u00f3n de la escultura \"Jujuy Energ\u00eda Viva\" con plantas naturales en la plaza central de la capital. Este a\u00f1o, agregamos figuras de animales nativos con el fin de concientizar a la sociedad sobre la preservaci\u00f3n del ecosistema, recursos naturales y el cuidado de las riquezas que tenemos en Jujuy\", afirm\u00f3 Nicol\u00e1s Herrera, Director de Educaci\u00f3n y Comunicaci\u00f3n del Ministerio de Ambiente. <\/strong><\/p>\n\n\n\n<p>&nbsp;Adem\u00e1s, enfatiz\u00f3 que\nJujuy es una de las provincias de Argentina que cuenta con la mayor superficie\nen categor\u00eda de conservaci\u00f3n y mayor riqueza de biodiversidad, por eso buscan\nponer en valor esa realidad. Y agreg\u00f3 que est\u00e1n trabajando en proyectos del\ninterior: como Valle Grande, y el uso sustentable de la madera y tambi\u00e9n\nvisitando comunidades de Quebrada y Puna, en el marco del manejo sustentable de\ntierras, entre otros.<\/p>\n\n\n\n<p>\"Es el tercer a\u00f1o consecutivo que realizamos esta intervenci\u00f3n como estrategia de comunicaci\u00f3n, para que la opini\u00f3n publica pueda debatir sobre estos temas ambientales. Se realiza en el contexto de una emergencia sanitaria por el COVID 19, que tiene ra\u00edz en problem\u00e1ticas ambientales por ello cobra relevancia esta campa\u00f1a para la preservaci\u00f3n de nuestros recursos naturales\", finaliz\u00f3 Herrera.\u00a0 <\/p>\n","protected":false},"excerpt":{"rendered":"<p>Por Elena Roca En el marco del \"D\u00eda Mundial del Medio Ambiente\", se desarroll\u00f3 en plaza Belgrano la intervenci\u00f3n de la instalaci\u00f3n \"Jujuy Energ\u00eda Viva\" con plantas y flores nativas, junto a la Asociaci\u00f3n de Productores de Plantines Ornamentales de Jujuy ( APPOJUY) y la Delegaci\u00f3n Jujuy de la C\u00e1mara Argentina de Floristas.&nbsp; &nbsp; \"Estamos [&hellip;]<\/p>\n","protected":false},"author":5,"featured_media":244849,"comment_status":"open","ping_status":"open","sticky":false,"template":"","format":"standard","meta":{"_stopmodifiedupdate":false,"_modified_date":"","inline_featured_image":false},"categories":[13],"tags":[],"jetpack_featured_media_url":"https:\/\/notinor.com\/jujuy\/wp-content\/uploads\/2020\/06\/energia.png","_links":{"self":[{"href":"https:\/\/notinor.com\/jujuy\/wp-json\/wp\/v2\/posts\/244848"}],"collection":[{"href":"https:\/\/notinor.com\/jujuy\/wp-json\/wp\/v2\/posts"}],"about":[{"href":"https:\/\/notinor.com\/jujuy\/wp-json\/wp\/v2\/types\/post"}],"author":[{"embeddable":true,"href":"https:\/\/notinor.com\/jujuy\/wp-json\/wp\/v2\/users\/5"}],"replies":[{"embeddable":true,"href":"https:\/\/notinor.com\/jujuy\/wp-json\/wp\/v2\/comments?post=244848"}],"version-history":[{"count":1,"href":"https:\/\/notinor.com\/jujuy\/wp-json\/wp\/v2\/posts\/244848\/revisions"}],"predecessor-version":[{"id":244850,"href":"https:\/\/notinor.com\/jujuy\/wp-json\/wp\/v2\/posts\/244848\/revisions\/244850"}],"wp:featuredmedia":[{"embeddable":true,"href":"https:\/\/notinor.com\/jujuy\/wp-json\/wp\/v2\/media\/244849"}],"wp:attachment":[{"href":"https:\/\/notinor.com\/jujuy\/wp-json\/wp\/v2\/media?parent=244848"}],"wp:term":[{"taxonomy":"category","embeddable":true,"href":"https:\/\/notinor.com\/jujuy\/wp-json\/wp\/v2\/categories?post=244848"},{"taxonomy":"post_tag","embeddable":true,"href":"https:\/\/notinor.com\/jujuy\/wp-json\/wp\/v2\/tags?post=244848"}],"curies":[{"name":"wp","href":"https:\/\/api.w.org\/{rel}","templated":true}]}}