{"id":244810,"date":"2020-06-11T11:37:55","date_gmt":"2020-06-11T14:37:55","guid":{"rendered":"https:\/\/notinor.com\/jujuy\/?p=244810"},"modified":"2020-06-11T11:37:57","modified_gmt":"2020-06-11T14:37:57","slug":"murio-una-nena-de-7-anos-la-victima-mas-joven-de-la-argentina","status":"publish","type":"post","link":"https:\/\/notinor.com\/jujuy\/murio-una-nena-de-7-anos-la-victima-mas-joven-de-la-argentina\/","title":{"rendered":"Muri\u00f3 una nena de 7 a\u00f1os, la v\u00edctima m\u00e1s joven de la Argentina"},"content":{"rendered":"\n<p>Dalma L\u00f3pez ten\u00eda tan s\u00f3lo siete a\u00f1os y falleci\u00f3 este\nmi\u00e9rcoles v\u00edctima del Covid-19. La peque\u00f1a estaba internada en el Hospital\nPedi\u00e1trico Garrahan.<\/p>\n\n\n\n<figure class=\"wp-block-image size-large\"><img decoding=\"async\" loading=\"lazy\" width=\"460\" height=\"480\" src=\"https:\/\/notinor.com\/jujuy\/wp-content\/uploads\/2020\/06\/Dalma-y-su-mam\u00e1-460x480.jpg\" alt=\"\" class=\"wp-image-244814\" srcset=\"https:\/\/notinor.com\/jujuy\/wp-content\/uploads\/2020\/06\/Dalma-y-su-mam\u00e1-460x480.jpg 460w, https:\/\/notinor.com\/jujuy\/wp-content\/uploads\/2020\/06\/Dalma-y-su-mam\u00e1-350x365.jpg 350w, https:\/\/notinor.com\/jujuy\/wp-content\/uploads\/2020\/06\/Dalma-y-su-mam\u00e1.jpg 518w\" sizes=\"(max-width: 460px) 100vw, 460px\" \/><\/figure>\n\n\n\n<p class=\"has-background has-vivid-cyan-blue-background-color\"><strong>En el reporte diario brindado por el Ministerio de Salud de la Naci\u00f3n se informaron 18 nuevas muertes. Del total de v\u00edctimas fatales hab\u00eda trece hombres y cinco mujeres. Dalma L\u00f3pez, de tan solo siete a\u00f1os, falleci\u00f3 v\u00edctima del coronavirus, que tuvo complicaciones con una enfermedad previa que afecta principalmente a los pulmones: fibrosis qu\u00edstica pancre\u00e1tica.<\/strong><\/p>\n\n\n\n<p>La Fibrosis Qu\u00edstica (FQ), es una enfermedad gen\u00e9tica que\naltera el normal funcionamiento de las gl\u00e1ndulas de secreci\u00f3n externa (sudor,\nenzimas pancre\u00e1ticas, secreciones respiratorias, etc.) causando da\u00f1o en\ndistintos \u00f3rganos del cuerpo como aparato respiratorio, p\u00e1ncreas, h\u00edgado y\ntambi\u00e9n el aparato reproductor.<\/p>\n\n\n\n<p>La mayor parte de las personas que la padecen deben\nsometerse a transplantes bipulmonares para extender su posibilidad de vida.\nEsto se debe a que en el aparato respiratorio, la casi totalidad de los\npacientes FQ, producen secreciones espesas y adherentes que ocasionan tapones\nde moco que terminan por obstruir los bronquios y alterar la mec\u00e1nica de\nrespiraci\u00f3n.<\/p>\n\n\n\n<p>La detecci\u00f3n y diagn\u00f3stico del FQ se realiza a trav\u00e9s de una\ngota de sangre extra\u00edda del tal\u00f3n del reci\u00e9n nacido (establecida mediante ley\nnacional), donde se busca una sustancia que en la FQ se encuentra elevada en\nsangre, llamada Tripsina. Los padres tambi\u00e9n pueden tener dudas si, al besar a\nsu beb\u00e9 descubren que el peque\u00f1o posee un sudor muy salado.<\/p>\n\n\n\n<p>Dalma y su madre Anah\u00ed hab\u00edan dado positivo en coronavirus a\ncomienzos de mayo, y la peque\u00f1a hab\u00eda logrado negativizar el virus, pero el\nmismo gener\u00f3 un grave deterioro de su cuerpo por su enfermedad previa.<\/p>\n\n\n\n<p>De este modo, la peque\u00f1a Dalma se convirti\u00f3 en la v\u00edctima\nfatal m\u00e1s peque\u00f1a en el pa\u00eds. Hasta momento el doloroso n\u00famero correspond\u00eda a\nuna adolescente de 14 a\u00f1os que viv\u00eda en Presidencia de la Plaza, una localidad\nchaque\u00f1a.<\/p>\n","protected":false},"excerpt":{"rendered":"<p>Dalma L\u00f3pez ten\u00eda tan s\u00f3lo siete a\u00f1os y falleci\u00f3 este mi\u00e9rcoles v\u00edctima del Covid-19. La peque\u00f1a estaba internada en el Hospital Pedi\u00e1trico Garrahan. En el reporte diario brindado por el Ministerio de Salud de la Naci\u00f3n se informaron 18 nuevas muertes. Del total de v\u00edctimas fatales hab\u00eda trece hombres y cinco mujeres. Dalma L\u00f3pez, de [&hellip;]<\/p>\n","protected":false},"author":5,"featured_media":244812,"comment_status":"open","ping_status":"open","sticky":false,"template":"","format":"standard","meta":{"_stopmodifiedupdate":false,"_modified_date":"","inline_featured_image":false},"categories":[5],"tags":[],"jetpack_featured_media_url":"https:\/\/notinor.com\/jujuy\/wp-content\/uploads\/2020\/06\/Una-nena-de-siete-a\u00f1os-falleci\u00f3-en-el-hospital-Garrahan.jpg","_links":{"self":[{"href":"https:\/\/notinor.com\/jujuy\/wp-json\/wp\/v2\/posts\/244810"}],"collection":[{"href":"https:\/\/notinor.com\/jujuy\/wp-json\/wp\/v2\/posts"}],"about":[{"href":"https:\/\/notinor.com\/jujuy\/wp-json\/wp\/v2\/types\/post"}],"author":[{"embeddable":true,"href":"https:\/\/notinor.com\/jujuy\/wp-json\/wp\/v2\/users\/5"}],"replies":[{"embeddable":true,"href":"https:\/\/notinor.com\/jujuy\/wp-json\/wp\/v2\/comments?post=244810"}],"version-history":[{"count":1,"href":"https:\/\/notinor.com\/jujuy\/wp-json\/wp\/v2\/posts\/244810\/revisions"}],"predecessor-version":[{"id":244815,"href":"https:\/\/notinor.com\/jujuy\/wp-json\/wp\/v2\/posts\/244810\/revisions\/244815"}],"wp:featuredmedia":[{"embeddable":true,"href":"https:\/\/notinor.com\/jujuy\/wp-json\/wp\/v2\/media\/244812"}],"wp:attachment":[{"href":"https:\/\/notinor.com\/jujuy\/wp-json\/wp\/v2\/media?parent=244810"}],"wp:term":[{"taxonomy":"category","embeddable":true,"href":"https:\/\/notinor.com\/jujuy\/wp-json\/wp\/v2\/categories?post=244810"},{"taxonomy":"post_tag","embeddable":true,"href":"https:\/\/notinor.com\/jujuy\/wp-json\/wp\/v2\/tags?post=244810"}],"curies":[{"name":"wp","href":"https:\/\/api.w.org\/{rel}","templated":true}]}}