{"id":244806,"date":"2020-06-11T11:33:39","date_gmt":"2020-06-11T14:33:39","guid":{"rendered":"https:\/\/notinor.com\/jujuy\/?p=244806"},"modified":"2020-06-11T11:33:45","modified_gmt":"2020-06-11T14:33:45","slug":"organizacion-social-tupac-amaru-evaluan-reactivar-fuentes-laborales","status":"publish","type":"post","link":"https:\/\/notinor.com\/jujuy\/organizacion-social-tupac-amaru-evaluan-reactivar-fuentes-laborales\/","title":{"rendered":"Organizaci\u00f3n Social Tupac Amaru: eval\u00faan reactivar fuentes laborales"},"content":{"rendered":"\n<p>El Ministro de Trabajo y Empleo recorri\u00f3 el Centro Cultural y el taller metal\u00fargico y textil para analizar la situaci\u00f3n. <\/p>\n\n\n\n<figure class=\"wp-block-image size-large\"><img decoding=\"async\" loading=\"lazy\" width=\"768\" height=\"1024\" src=\"https:\/\/i0.wp.com\/notinor.com\/jujuy\/wp-content\/uploads\/2020\/06\/WhatsApp-Image-2020-06-10-at-11.09.58-1-768x1024-1.jpeg?fit=360%2C480&amp;ssl=1\" alt=\"\" class=\"wp-image-244808\" srcset=\"https:\/\/notinor.com\/jujuy\/wp-content\/uploads\/2020\/06\/WhatsApp-Image-2020-06-10-at-11.09.58-1-768x1024-1.jpeg 768w, https:\/\/notinor.com\/jujuy\/wp-content\/uploads\/2020\/06\/WhatsApp-Image-2020-06-10-at-11.09.58-1-768x1024-1-274x365.jpeg 274w, https:\/\/notinor.com\/jujuy\/wp-content\/uploads\/2020\/06\/WhatsApp-Image-2020-06-10-at-11.09.58-1-768x1024-1-360x480.jpeg 360w\" sizes=\"(max-width: 768px) 100vw, 768px\" \/><\/figure>\n\n\n\n<p class=\"has-background has-vivid-cyan-blue-background-color\">El ministro de Trabajo y Empleo, Normando \u00c1lvarez Garc\u00eda visit\u00f3 las instituciones pertenecientes a la organizaci\u00f3n social Tupac Amaru con el fin de conocer la situaci\u00f3n de las distintas actividades que se vieron afectadas a partir del aislamiento obligatorio por la pandemia. <\/p>\n\n\n\n<p>En compa\u00f1\u00eda de la secretaria de Trabajo, Gabriela Ferreyra Jenks, el ministro recorri\u00f3 el Centro Cultural y con posterioridad se traslad\u00f3 al taller metal\u00fargico y textil.<\/p>\n\n\n\n<p>En esos lugares, los funcionarios se entrevistaron con trabajadores, a los efectos de abordar la posibilidad de reactivar las tareas, a partir de un protocolo de bioseguridad que garantice adecuadas condiciones sanitarias y preventivas.<\/p>\n","protected":false},"excerpt":{"rendered":"<p>El Ministro de Trabajo y Empleo recorri\u00f3 el Centro Cultural y el taller metal\u00fargico y textil para analizar la situaci\u00f3n. El ministro de Trabajo y Empleo, Normando \u00c1lvarez Garc\u00eda visit\u00f3 las instituciones pertenecientes a la organizaci\u00f3n social Tupac Amaru con el fin de conocer la situaci\u00f3n de las distintas actividades que se vieron afectadas a [&hellip;]<\/p>\n","protected":false},"author":37,"featured_media":244809,"comment_status":"open","ping_status":"open","sticky":false,"template":"","format":"standard","meta":{"_stopmodifiedupdate":false,"_modified_date":"","inline_featured_image":false},"categories":[13],"tags":[],"jetpack_featured_media_url":"https:\/\/notinor.com\/jujuy\/wp-content\/uploads\/2020\/06\/WhatsApp-Image-2020-06-10-at-11.10.00-1024x768-1.jpeg","_links":{"self":[{"href":"https:\/\/notinor.com\/jujuy\/wp-json\/wp\/v2\/posts\/244806"}],"collection":[{"href":"https:\/\/notinor.com\/jujuy\/wp-json\/wp\/v2\/posts"}],"about":[{"href":"https:\/\/notinor.com\/jujuy\/wp-json\/wp\/v2\/types\/post"}],"author":[{"embeddable":true,"href":"https:\/\/notinor.com\/jujuy\/wp-json\/wp\/v2\/users\/37"}],"replies":[{"embeddable":true,"href":"https:\/\/notinor.com\/jujuy\/wp-json\/wp\/v2\/comments?post=244806"}],"version-history":[{"count":1,"href":"https:\/\/notinor.com\/jujuy\/wp-json\/wp\/v2\/posts\/244806\/revisions"}],"predecessor-version":[{"id":244811,"href":"https:\/\/notinor.com\/jujuy\/wp-json\/wp\/v2\/posts\/244806\/revisions\/244811"}],"wp:featuredmedia":[{"embeddable":true,"href":"https:\/\/notinor.com\/jujuy\/wp-json\/wp\/v2\/media\/244809"}],"wp:attachment":[{"href":"https:\/\/notinor.com\/jujuy\/wp-json\/wp\/v2\/media?parent=244806"}],"wp:term":[{"taxonomy":"category","embeddable":true,"href":"https:\/\/notinor.com\/jujuy\/wp-json\/wp\/v2\/categories?post=244806"},{"taxonomy":"post_tag","embeddable":true,"href":"https:\/\/notinor.com\/jujuy\/wp-json\/wp\/v2\/tags?post=244806"}],"curies":[{"name":"wp","href":"https:\/\/api.w.org\/{rel}","templated":true}]}}