{"id":244803,"date":"2020-06-11T11:26:21","date_gmt":"2020-06-11T14:26:21","guid":{"rendered":"https:\/\/notinor.com\/jujuy\/?p=244803"},"modified":"2020-06-11T11:26:23","modified_gmt":"2020-06-11T14:26:23","slug":"primera-capacitacion-presencial-en-el-museo-historico-provincial","status":"publish","type":"post","link":"https:\/\/notinor.com\/jujuy\/primera-capacitacion-presencial-en-el-museo-historico-provincial\/","title":{"rendered":"Primera capacitaci\u00f3n presencial en el Museo Hist\u00f3rico Provincial"},"content":{"rendered":"\n<p class=\"has-text-align-justify\">Adem\u00e1s de las visitas guiadas dentro de lo que el protocolo establece, se aprovech\u00f3 para enriquecer al personal de los museos.<\/p>\n\n\n\n<figure class=\"wp-block-image size-large\"><img decoding=\"async\" loading=\"lazy\" width=\"1024\" height=\"682\" src=\"https:\/\/i2.wp.com\/notinor.com\/jujuy\/wp-content\/uploads\/2020\/06\/DSC_3153-ed-1024x682-1.jpg?fit=721%2C480&amp;ssl=1\" alt=\"\" class=\"wp-image-244804\" srcset=\"https:\/\/notinor.com\/jujuy\/wp-content\/uploads\/2020\/06\/DSC_3153-ed-1024x682-1.jpg 1024w, https:\/\/notinor.com\/jujuy\/wp-content\/uploads\/2020\/06\/DSC_3153-ed-1024x682-1-548x365.jpg 548w, https:\/\/notinor.com\/jujuy\/wp-content\/uploads\/2020\/06\/DSC_3153-ed-1024x682-1-721x480.jpg 721w, https:\/\/notinor.com\/jujuy\/wp-content\/uploads\/2020\/06\/DSC_3153-ed-1024x682-1-768x512.jpg 768w, https:\/\/notinor.com\/jujuy\/wp-content\/uploads\/2020\/06\/DSC_3153-ed-1024x682-1-400x266.jpg 400w\" sizes=\"(max-width: 1024px) 100vw, 1024px\" \/><\/figure>\n\n\n\n<p class=\"has-background has-vivid-cyan-blue-background-color\">Teniendo en cuenta el protocolo de seguridad e higiene, se concret\u00f3 en el Museo Hist\u00f3rico Provincial, la primera capacitaci\u00f3n presencial, denominada \u201cIntroducci\u00f3n de iluminaci\u00f3n en museos\u201d a cargo de la dise\u00f1adora en iluminaci\u00f3n Carla Sosa, organizado por la Secretar\u00eda de Cultura a trav\u00e9s de la Coordinaci\u00f3n de Gesti\u00f3n de Museos. <\/p>\n\n\n\n<p>Al respecto, la Coordinadora, Josefina Calder\u00f3n indic\u00f3 que, con el protocolo aprobado para concretar distintas actividades, teniendo en cuenta la capacidad del espacio f\u00edsico y el distanciamiento requerido, se realiz\u00f3 la primera capacitaci\u00f3n.<\/p>\n\n\n\n<p>\u201cDecidimos desarrollar este tipo de capacitaci\u00f3n desde la coordinaci\u00f3n, acompa\u00f1ando este tiempo, adapt\u00e1ndonos a los nuevos tiempos y modalidad de formaci\u00f3n con un n\u00famero acotado\u201d subray\u00f3 la funcionaria.<\/p>\n\n\n\n<p>Detall\u00f3 que el objetivo del curso \u201cIntroducci\u00f3n de Iluminaci\u00f3n en Museos\u201d fue desarrollar los conceptos b\u00e1sicos del reconocimiento de par\u00e1metros generales de la luz, destinado al personal de museos.<\/p>\n\n\n\n<p>En la oportunidad se pudo ahondar en:&nbsp; Luz natural y artificial, espectro electromagn\u00e9tico, par\u00e1metros generales. Conservaci\u00f3n y preservaci\u00f3n del patrimonio material. Tecnolog\u00edas para la iluminaci\u00f3n. Exhibici\u00f3n en vitrinas. Iluminaci\u00f3n en objetos planos y volum\u00e9tricos. Iluminaci\u00f3n arquitect\u00f3nica.<\/p>\n\n\n\n<p>Destac\u00f3 que \u201cadem\u00e1s de las visitas guiadas dentro de lo que el protocolo establece, es tiempo que continuemos enriqueciendo al personal de los museos\u201d.<\/p>\n\n\n\n<p>Adelant\u00f3 que luego de esta primera experiencia se programar\u00e1 el dictado del mismo curso y otros, para llegar a m\u00e1s personal y posteriormente ampliarla a expositores y la comunidad interesada en el montaje de muestras en sus distintas disciplinas, que ser\u00e1n difundidas oportunamente, siempre respetando el protocolo existente.<\/p>\n\n\n\n<p>Finalmente agradeci\u00f3 el apoyo permanente del Secretario de Cultura, Luis Medina Zar para estas acciones que buscan perfeccionar al personal y el profesionalismo de la dise\u00f1adora en iluminaci\u00f3n Carla Sosa que evacu\u00f3 todas las consultas de los asistentes.<\/p>\n","protected":false},"excerpt":{"rendered":"<p>Adem\u00e1s de las visitas guiadas dentro de lo que el protocolo establece, se aprovech\u00f3 para enriquecer al personal de los museos. Teniendo en cuenta el protocolo de seguridad e higiene, se concret\u00f3 en el Museo Hist\u00f3rico Provincial, la primera capacitaci\u00f3n presencial, denominada \u201cIntroducci\u00f3n de iluminaci\u00f3n en museos\u201d a cargo de la dise\u00f1adora en iluminaci\u00f3n Carla [&hellip;]<\/p>\n","protected":false},"author":37,"featured_media":244804,"comment_status":"open","ping_status":"open","sticky":false,"template":"","format":"standard","meta":{"_stopmodifiedupdate":false,"_modified_date":"","inline_featured_image":false},"categories":[13],"tags":[],"jetpack_featured_media_url":"https:\/\/notinor.com\/jujuy\/wp-content\/uploads\/2020\/06\/DSC_3153-ed-1024x682-1.jpg","_links":{"self":[{"href":"https:\/\/notinor.com\/jujuy\/wp-json\/wp\/v2\/posts\/244803"}],"collection":[{"href":"https:\/\/notinor.com\/jujuy\/wp-json\/wp\/v2\/posts"}],"about":[{"href":"https:\/\/notinor.com\/jujuy\/wp-json\/wp\/v2\/types\/post"}],"author":[{"embeddable":true,"href":"https:\/\/notinor.com\/jujuy\/wp-json\/wp\/v2\/users\/37"}],"replies":[{"embeddable":true,"href":"https:\/\/notinor.com\/jujuy\/wp-json\/wp\/v2\/comments?post=244803"}],"version-history":[{"count":1,"href":"https:\/\/notinor.com\/jujuy\/wp-json\/wp\/v2\/posts\/244803\/revisions"}],"predecessor-version":[{"id":244805,"href":"https:\/\/notinor.com\/jujuy\/wp-json\/wp\/v2\/posts\/244803\/revisions\/244805"}],"wp:featuredmedia":[{"embeddable":true,"href":"https:\/\/notinor.com\/jujuy\/wp-json\/wp\/v2\/media\/244804"}],"wp:attachment":[{"href":"https:\/\/notinor.com\/jujuy\/wp-json\/wp\/v2\/media?parent=244803"}],"wp:term":[{"taxonomy":"category","embeddable":true,"href":"https:\/\/notinor.com\/jujuy\/wp-json\/wp\/v2\/categories?post=244803"},{"taxonomy":"post_tag","embeddable":true,"href":"https:\/\/notinor.com\/jujuy\/wp-json\/wp\/v2\/tags?post=244803"}],"curies":[{"name":"wp","href":"https:\/\/api.w.org\/{rel}","templated":true}]}}