{"id":244799,"date":"2020-06-11T11:22:31","date_gmt":"2020-06-11T14:22:31","guid":{"rendered":"https:\/\/notinor.com\/jujuy\/?p=244799"},"modified":"2020-06-11T11:22:37","modified_gmt":"2020-06-11T14:22:37","slug":"buscan-soluciones-que-permitan-a-comuneros-fleteros-y-comerciantes-continuar-sus-actividades","status":"publish","type":"post","link":"https:\/\/notinor.com\/jujuy\/buscan-soluciones-que-permitan-a-comuneros-fleteros-y-comerciantes-continuar-sus-actividades\/","title":{"rendered":"Buscan soluciones  que permitan a  comuneros, fleteros y comerciantes continuar sus actividades"},"content":{"rendered":"\n<p class=\"has-text-align-justify\">El ministro de Desarrollo y Producci\u00f3n  se reuni\u00f3 con trabajadores de la ciudad fronteriza, quienes les presentaron la cr\u00edtica situaci\u00f3n en la que se encuentran, como consecuencia del coronavirus.<\/p>\n\n\n\n<figure class=\"wp-block-image size-large\"><img decoding=\"async\" loading=\"lazy\" width=\"1000\" height=\"750\" src=\"https:\/\/i0.wp.com\/notinor.com\/jujuy\/wp-content\/uploads\/2020\/06\/nota-973996-quiaca-palpita-manka-fiesta-131017064418.jpg?fit=640%2C480&amp;ssl=1\" alt=\"\" class=\"wp-image-244800\" srcset=\"https:\/\/notinor.com\/jujuy\/wp-content\/uploads\/2020\/06\/nota-973996-quiaca-palpita-manka-fiesta-131017064418.jpg 1000w, https:\/\/notinor.com\/jujuy\/wp-content\/uploads\/2020\/06\/nota-973996-quiaca-palpita-manka-fiesta-131017064418-487x365.jpg 487w, https:\/\/notinor.com\/jujuy\/wp-content\/uploads\/2020\/06\/nota-973996-quiaca-palpita-manka-fiesta-131017064418-640x480.jpg 640w, https:\/\/notinor.com\/jujuy\/wp-content\/uploads\/2020\/06\/nota-973996-quiaca-palpita-manka-fiesta-131017064418-768x576.jpg 768w\" sizes=\"(max-width: 1000px) 100vw, 1000px\" \/><\/figure>\n\n\n\n<p class=\"has-background has-vivid-cyan-blue-background-color\">El ministro de Desarrollo Econ\u00f3mico y Producci\u00f3n, Exequiel Lello Ivacevich, junto a su equipo t\u00e9cnico visit\u00f3 a comuneros, fleteros y comerciantes de La Quiaca, para conocer su situaci\u00f3n y buscar soluciones concretas que les permitan mantener sus actividades en medio de la pandemia de coronavirus.<\/p>\n\n\n\n<p>\u201cLa Quiaca tiene un gran comercio de vecindad, est\u00e1 muy integrada con Villaz\u00f3n. Hoy tiene la situaci\u00f3n de la frontera, que excede al Gobierno Provincial porque es una cuesti\u00f3n nacional, pero queremos estar y buscar alternativas para dar soluciones\u201d, sostuvo al respecto el ministro.<\/p>\n\n\n\n<figure class=\"wp-block-image size-large\"><img decoding=\"async\" loading=\"lazy\" width=\"1024\" height=\"683\" src=\"https:\/\/i2.wp.com\/notinor.com\/jujuy\/wp-content\/uploads\/2020\/06\/DSC_0003.jpg?fit=720%2C480&amp;ssl=1\" alt=\"\" class=\"wp-image-244801\" srcset=\"https:\/\/notinor.com\/jujuy\/wp-content\/uploads\/2020\/06\/DSC_0003.jpg 1024w, https:\/\/notinor.com\/jujuy\/wp-content\/uploads\/2020\/06\/DSC_0003-547x365.jpg 547w, https:\/\/notinor.com\/jujuy\/wp-content\/uploads\/2020\/06\/DSC_0003-720x480.jpg 720w, https:\/\/notinor.com\/jujuy\/wp-content\/uploads\/2020\/06\/DSC_0003-768x512.jpg 768w, https:\/\/notinor.com\/jujuy\/wp-content\/uploads\/2020\/06\/DSC_0003-400x266.jpg 400w\" sizes=\"(max-width: 1024px) 100vw, 1024px\" \/><\/figure>\n\n\n\n<p>Se\u00f1al\u00f3 que en la oportunidad se reuni\u00f3 con comuneros, fleteros y comerciantes de la ciudad fronteriza, quienes les presentaron la cr\u00edtica situaci\u00f3n en la que se encuentran, como consecuencia de la pandemia de coronavirus. \u201cLa emergencia sanitaria afect\u00f3 la actividad econ\u00f3mica a nivel mundial y en este caso, la situaci\u00f3n es compleja porque se tratan de actividades muy vinculadas al pa\u00eds vecino. Por lo que hay que buscar nuevas alternativas\u201d, expres\u00f3 Lello Ivacevich.<\/p>\n\n\n\n<p>En ese sentido, en la oportunidad se presentaron las diferentes l\u00edneas de financiamiento que dispone la cartera de Producci\u00f3n mediante la Microempresa, y los programas disponibles \u201cpara que podamos ayudarlos y ver de qu\u00e9 manera podemos superar esta situaci\u00f3n tan particular que nos ha tocado vivir\u201d.<\/p>\n\n\n\n<p>Asimismo, inform\u00f3, que se realiz\u00f3 un relevamiento para determinar qu\u00e9 programa o herramienta se adecua a las necesidades de cada emprendedor, estableciendo tambi\u00e9n quienes tienen un proyecto o una idea \u201cpara que nuestros t\u00e9cnicos puedan darles forma, viabilizar sus ideas, darles un cr\u00e9dito y que produzcan\u201d.<\/p>\n\n\n\n<p>\u00abQueremos asistir a la mayor cantidad de personas, para que haya m\u00e1s emprendimientos y de esta manera podamos generar nuevos puestos de trabajo\u201d, enfatiz\u00f3 el ministro y destac\u00f3 la articulaci\u00f3n con organismos de la Secretar\u00eda de Agricultura Familiar (SAF), el Instituto Nacional de Tecnolog\u00eda Agropecuaria (INTA), la Secretar\u00eda de Desarrollo Productivo y el Consejo de la Microempresa, con quienes \u201cvamos a trabajar proyectos de productos andinos y dem\u00e1s alternativas productivas\u201d.<\/p>\n\n\n\n<p>A modo de cierre se\u00f1al\u00f3 que se armar\u00e1n mesas de trabajo, para analizar posibles protocolos.<\/p>\n\n\n\n<p>Cabe mencionar que acompa\u00f1aron la reuni\u00f3n la secretaria de Desarrollo Productivo, Patricia R\u00edos; la coordinadora Pyme, Noelia Portales; y la gerente del Consejo de la Microempresa, Silvana Berrafato.<\/p>\n","protected":false},"excerpt":{"rendered":"<p>El ministro de Desarrollo y Producci\u00f3n se reuni\u00f3 con trabajadores de la ciudad fronteriza, quienes les presentaron la cr\u00edtica situaci\u00f3n en la que se encuentran, como consecuencia del coronavirus. El ministro de Desarrollo Econ\u00f3mico y Producci\u00f3n, Exequiel Lello Ivacevich, junto a su equipo t\u00e9cnico visit\u00f3 a comuneros, fleteros y comerciantes de La Quiaca, para conocer [&hellip;]<\/p>\n","protected":false},"author":37,"featured_media":244800,"comment_status":"open","ping_status":"open","sticky":false,"template":"","format":"standard","meta":{"_stopmodifiedupdate":false,"_modified_date":"","inline_featured_image":false},"categories":[4],"tags":[],"jetpack_featured_media_url":"https:\/\/notinor.com\/jujuy\/wp-content\/uploads\/2020\/06\/nota-973996-quiaca-palpita-manka-fiesta-131017064418.jpg","_links":{"self":[{"href":"https:\/\/notinor.com\/jujuy\/wp-json\/wp\/v2\/posts\/244799"}],"collection":[{"href":"https:\/\/notinor.com\/jujuy\/wp-json\/wp\/v2\/posts"}],"about":[{"href":"https:\/\/notinor.com\/jujuy\/wp-json\/wp\/v2\/types\/post"}],"author":[{"embeddable":true,"href":"https:\/\/notinor.com\/jujuy\/wp-json\/wp\/v2\/users\/37"}],"replies":[{"embeddable":true,"href":"https:\/\/notinor.com\/jujuy\/wp-json\/wp\/v2\/comments?post=244799"}],"version-history":[{"count":1,"href":"https:\/\/notinor.com\/jujuy\/wp-json\/wp\/v2\/posts\/244799\/revisions"}],"predecessor-version":[{"id":244802,"href":"https:\/\/notinor.com\/jujuy\/wp-json\/wp\/v2\/posts\/244799\/revisions\/244802"}],"wp:featuredmedia":[{"embeddable":true,"href":"https:\/\/notinor.com\/jujuy\/wp-json\/wp\/v2\/media\/244800"}],"wp:attachment":[{"href":"https:\/\/notinor.com\/jujuy\/wp-json\/wp\/v2\/media?parent=244799"}],"wp:term":[{"taxonomy":"category","embeddable":true,"href":"https:\/\/notinor.com\/jujuy\/wp-json\/wp\/v2\/categories?post=244799"},{"taxonomy":"post_tag","embeddable":true,"href":"https:\/\/notinor.com\/jujuy\/wp-json\/wp\/v2\/tags?post=244799"}],"curies":[{"name":"wp","href":"https:\/\/api.w.org\/{rel}","templated":true}]}}