{"id":244796,"date":"2020-06-11T11:15:30","date_gmt":"2020-06-11T14:15:30","guid":{"rendered":"https:\/\/notinor.com\/jujuy\/?p=244796"},"modified":"2020-06-11T11:15:37","modified_gmt":"2020-06-11T14:15:37","slug":"coronavirus-1226-casos-confirmados-en-ultimas-24-horas-y-en-total-25-987-infectados","status":"publish","type":"post","link":"https:\/\/notinor.com\/jujuy\/coronavirus-1226-casos-confirmados-en-ultimas-24-horas-y-en-total-25-987-infectados\/","title":{"rendered":"Coronavirus: 1226 casos confirmados en \u00faltimas 24 horas y en total 25.987 infectados"},"content":{"rendered":"\n<p>M\u00e1s de 8300 personas ya se recuperaron de la enfermedad. El 9,4% de los contagiados es personal de la salud. <\/p>\n\n\n\n<figure class=\"wp-block-image size-large\"><img decoding=\"async\" loading=\"lazy\" width=\"640\" height=\"428\" src=\"https:\/\/notinor.com\/jujuy\/wp-content\/uploads\/2020\/06\/5ed7957bb08bf.jpeg\" alt=\"\" class=\"wp-image-244797\" srcset=\"https:\/\/notinor.com\/jujuy\/wp-content\/uploads\/2020\/06\/5ed7957bb08bf.jpeg 640w, https:\/\/notinor.com\/jujuy\/wp-content\/uploads\/2020\/06\/5ed7957bb08bf-546x365.jpeg 546w\" sizes=\"(max-width: 640px) 100vw, 640px\" \/><\/figure>\n\n\n\n<p class=\"has-background has-vivid-cyan-blue-background-color\"><strong>El ministerio de Salud nacional\u00a0<\/strong>inform\u00f3\u00a0<strong>la muerte de seis personas m\u00e1s\u00a0<\/strong>afectadas por el\u00a0coronavirus,\u00a0por lo que\u00a0<strong>la cifra de v\u00edctimas fatales en el pa\u00eds a ra\u00edz de la pandemia ascendi\u00f3 a 741.<\/strong><\/p>\n\n\n\n<p>Los \u00faltimos fallecidos: cuatro mujeres, dos de 63 y 76 a\u00f1os, residentes en la provincia de Buenos Aires; una de 47 a\u00f1os, misionera; y una de 67 a\u00f1os, vecina del distrito porte\u00f1o. Los otros dos decesos corresponden a hombres bonaerenses de 91 y 49 a\u00f1os.Ads by&nbsp;<\/p>\n\n\n\n<p>Hubo 1226 casos confirmados en \u00faltimas 24 horas en la Argentina y el total es de 25.987 infectados. M\u00e1s de 8300 personas ya se recuperaron de la enfermedad. El 9,4% de los contagiados es personal de la salud.<\/p>\n\n\n\n<p>Las principales franjas etarias afectadas de los casos registrados corresponden a personas de entre 20 y 59 a\u00f1os, siendo la edad promedio de 36 a\u00f1os.<\/p>\n","protected":false},"excerpt":{"rendered":"<p>M\u00e1s de 8300 personas ya se recuperaron de la enfermedad. El 9,4% de los contagiados es personal de la salud. El ministerio de Salud nacional\u00a0inform\u00f3\u00a0la muerte de seis personas m\u00e1s\u00a0afectadas por el\u00a0coronavirus,\u00a0por lo que\u00a0la cifra de v\u00edctimas fatales en el pa\u00eds a ra\u00edz de la pandemia ascendi\u00f3 a 741. Los \u00faltimos fallecidos: cuatro mujeres, dos [&hellip;]<\/p>\n","protected":false},"author":37,"featured_media":244797,"comment_status":"open","ping_status":"open","sticky":false,"template":"","format":"standard","meta":{"_stopmodifiedupdate":false,"_modified_date":"","inline_featured_image":false},"categories":[5],"tags":[],"jetpack_featured_media_url":"https:\/\/notinor.com\/jujuy\/wp-content\/uploads\/2020\/06\/5ed7957bb08bf.jpeg","_links":{"self":[{"href":"https:\/\/notinor.com\/jujuy\/wp-json\/wp\/v2\/posts\/244796"}],"collection":[{"href":"https:\/\/notinor.com\/jujuy\/wp-json\/wp\/v2\/posts"}],"about":[{"href":"https:\/\/notinor.com\/jujuy\/wp-json\/wp\/v2\/types\/post"}],"author":[{"embeddable":true,"href":"https:\/\/notinor.com\/jujuy\/wp-json\/wp\/v2\/users\/37"}],"replies":[{"embeddable":true,"href":"https:\/\/notinor.com\/jujuy\/wp-json\/wp\/v2\/comments?post=244796"}],"version-history":[{"count":1,"href":"https:\/\/notinor.com\/jujuy\/wp-json\/wp\/v2\/posts\/244796\/revisions"}],"predecessor-version":[{"id":244798,"href":"https:\/\/notinor.com\/jujuy\/wp-json\/wp\/v2\/posts\/244796\/revisions\/244798"}],"wp:featuredmedia":[{"embeddable":true,"href":"https:\/\/notinor.com\/jujuy\/wp-json\/wp\/v2\/media\/244797"}],"wp:attachment":[{"href":"https:\/\/notinor.com\/jujuy\/wp-json\/wp\/v2\/media?parent=244796"}],"wp:term":[{"taxonomy":"category","embeddable":true,"href":"https:\/\/notinor.com\/jujuy\/wp-json\/wp\/v2\/categories?post=244796"},{"taxonomy":"post_tag","embeddable":true,"href":"https:\/\/notinor.com\/jujuy\/wp-json\/wp\/v2\/tags?post=244796"}],"curies":[{"name":"wp","href":"https:\/\/api.w.org\/{rel}","templated":true}]}}