{"id":244793,"date":"2020-06-11T11:10:40","date_gmt":"2020-06-11T14:10:40","guid":{"rendered":"https:\/\/notinor.com\/jujuy\/?p=244793"},"modified":"2020-06-11T11:10:46","modified_gmt":"2020-06-11T14:10:46","slug":"cerca-de-donde-mataron-al-gendarme-jujeno-balean-en-el-cuello-al-dueno-de-una-gomeria","status":"publish","type":"post","link":"https:\/\/notinor.com\/jujuy\/cerca-de-donde-mataron-al-gendarme-jujeno-balean-en-el-cuello-al-dueno-de-una-gomeria\/","title":{"rendered":"Cerca de donde mataron al gendarme  juje\u00f1o, balean en el cuello al due\u00f1o de una gomer\u00eda"},"content":{"rendered":"\n<p>Dos cr\u00edmenes en horas, la inseguridad preocupa en Buenos Aires.<\/p>\n\n\n\n<figure class=\"wp-block-image size-large\"><img decoding=\"async\" loading=\"lazy\" width=\"1033\" height=\"691\" src=\"https:\/\/i0.wp.com\/notinor.com\/jujuy\/wp-content\/uploads\/2020\/06\/3278701w1033.jpg?fit=718%2C480&amp;ssl=1\" alt=\"\" class=\"wp-image-244794\" srcset=\"https:\/\/notinor.com\/jujuy\/wp-content\/uploads\/2020\/06\/3278701w1033.jpg 1033w, https:\/\/notinor.com\/jujuy\/wp-content\/uploads\/2020\/06\/3278701w1033-546x365.jpg 546w, https:\/\/notinor.com\/jujuy\/wp-content\/uploads\/2020\/06\/3278701w1033-718x480.jpg 718w, https:\/\/notinor.com\/jujuy\/wp-content\/uploads\/2020\/06\/3278701w1033-768x514.jpg 768w, https:\/\/notinor.com\/jujuy\/wp-content\/uploads\/2020\/06\/3278701w1033-653x438.jpg 653w\" sizes=\"(max-width: 1033px) 100vw, 1033px\" \/><\/figure>\n\n\n\n<p class=\"has-background has-text-align-justify has-vivid-cyan-blue-background-color\">Ac\u00e1 no se sabe en qu\u00e9 momento nos van a robar\", as\u00ed piensan los vecinos de\u00a0<strong>Z\u00e1rate\u00a0<\/strong>porque as\u00ed es como viven,\u00a0<strong>con miedo por la inseguridad\u00a0<\/strong>. Con diferencia de pocas horas,\u00a0<strong>un gendarme fue ultimado cuando al menos dos j\u00f3venes intentaron robarle\u00a0<\/strong>y, a unas cuadras,\u00a0<strong>el propietario de una gomer\u00eda fue herido de un balazo en el cuello luego que motochorros se hicieron pasar por clientes para luego sustraerle las pertenencias\u00a0<\/strong>.<\/p>\n\n\n\n<p class=\"has-text-color has-vivid-red-color\">Te puede interesar:  <a href=\"https:\/\/notinor.com\/jujuy\/asesinaron-a-balazos-a-un-jujeno-jefe-del-escuadron-de-gendarmeria-de-zarate-2\/\">Asesinaron a balazos a un gendarme juje\u00f1o en Buenos Aires<\/a><\/p>\n\n\n\n<p>Cuando los vecinos de la ciudad de Z\u00e1rate todav\u00eda segu\u00edan consternados por el brutal crimen del jefe del Escuadr\u00f3n de Gendarmer\u00eda zonal, ayer al mediod\u00eda la v\u00edctima fue un gomero de 24 a\u00f1os. Claudio Ferreyra se encontraba trabajando en su local cuando dos j\u00f3venes con barbijo arribaron al negocio a bordo de una moto con una de sus ruedas pinchadas, por lo que le pidieron si pod\u00eda arreglarla. \"Les puso la cubierta y la c\u00e1mara nueva, pero cuando les dijo el monto que les iba a cobrar, uno de ellos sac\u00f3 la pistola\", cont\u00f3 a T\u00e9lam Micaela, esposa de la v\u00edctima.<\/p>\n\n\n\n<p>La mujer asegur\u00f3 que \"le robaron toda la plata y el celular\", tras lo cual hubo un forcejeo, aunque Ferreyra \"no recuerda bien lo que pas\u00f3\". \"Pens\u00f3 que le quer\u00edan llevar su moto que estaba ah\u00ed, pero no la robaron\", a\u00f1adi\u00f3 la esposa del hombre. La v\u00edctima recibi\u00f3 un balazo en el cuello y cay\u00f3 al piso herido, mientras que los asaltantes huyeron a bordo de la moto arreglada por el comerciante. El hombre fue trasladado de urgencia al hospital, donde qued\u00f3 internado estable y fuera de peligro, luego que los m\u00e9dicos le extrajeron el proyectil.<\/p>\n\n\n\n<p> <\/p>\n\n\n\n<p>El hecho ocurri\u00f3 en la calle Jon\u00e1s Salk al 2100, entre Pacheco y Pedro Martini, a unas 30 cuadras <a href=\"https:\/\/notinor.com\/jujuy\/asesinaron-a-balazos-a-un-jujeno-jefe-del-escuadron-de-gendarmeria-de-zarate-2\/\">del crimen del\u00a0jefe del Escuadr\u00f3n Z\u00e1rate-Brazo Largo de Gendarmer\u00eda Nacional, Marco Castillo\u00a0, cometido anteanoche en la mencionada ciudad de la provincia de Buenos Aires<\/a>.\u00a0Por ese hecho hay dos j\u00f3venes detenidos, uno de ellos menor de edad con antecedentes\u00a0.<\/p>\n\n\n\n<p>En di\u00e1logo con TN, los vecinos de Z\u00e1rate mostraban su preocupaci\u00f3n ante los sucesivos hechos de inseguridad. \"Tenemos miedo. Los patrulleros no pasan nunca\", dec\u00edan.<\/p>\n\n\n\n<p><\/p>\n","protected":false},"excerpt":{"rendered":"<p>Dos cr\u00edmenes en horas, la inseguridad preocupa en Buenos Aires. Ac\u00e1 no se sabe en qu\u00e9 momento nos van a robar\", as\u00ed piensan los vecinos de\u00a0Z\u00e1rate\u00a0porque as\u00ed es como viven,\u00a0con miedo por la inseguridad\u00a0. Con diferencia de pocas horas,\u00a0un gendarme fue ultimado cuando al menos dos j\u00f3venes intentaron robarle\u00a0y, a unas cuadras,\u00a0el propietario de una [&hellip;]<\/p>\n","protected":false},"author":37,"featured_media":0,"comment_status":"open","ping_status":"open","sticky":false,"template":"","format":"standard","meta":{"_stopmodifiedupdate":false,"_modified_date":"","inline_featured_image":false},"categories":[5],"tags":[],"jetpack_featured_media_url":"","_links":{"self":[{"href":"https:\/\/notinor.com\/jujuy\/wp-json\/wp\/v2\/posts\/244793"}],"collection":[{"href":"https:\/\/notinor.com\/jujuy\/wp-json\/wp\/v2\/posts"}],"about":[{"href":"https:\/\/notinor.com\/jujuy\/wp-json\/wp\/v2\/types\/post"}],"author":[{"embeddable":true,"href":"https:\/\/notinor.com\/jujuy\/wp-json\/wp\/v2\/users\/37"}],"replies":[{"embeddable":true,"href":"https:\/\/notinor.com\/jujuy\/wp-json\/wp\/v2\/comments?post=244793"}],"version-history":[{"count":1,"href":"https:\/\/notinor.com\/jujuy\/wp-json\/wp\/v2\/posts\/244793\/revisions"}],"predecessor-version":[{"id":244795,"href":"https:\/\/notinor.com\/jujuy\/wp-json\/wp\/v2\/posts\/244793\/revisions\/244795"}],"wp:attachment":[{"href":"https:\/\/notinor.com\/jujuy\/wp-json\/wp\/v2\/media?parent=244793"}],"wp:term":[{"taxonomy":"category","embeddable":true,"href":"https:\/\/notinor.com\/jujuy\/wp-json\/wp\/v2\/categories?post=244793"},{"taxonomy":"post_tag","embeddable":true,"href":"https:\/\/notinor.com\/jujuy\/wp-json\/wp\/v2\/tags?post=244793"}],"curies":[{"name":"wp","href":"https:\/\/api.w.org\/{rel}","templated":true}]}}