{"id":24461,"date":"2015-04-24T00:31:17","date_gmt":"2015-04-24T03:31:17","guid":{"rendered":"http:\/\/notinor.com\/jujuy\/?p=24461"},"modified":"2015-04-24T00:31:17","modified_gmt":"2015-04-24T03:31:17","slug":"maradona-se-reunio-con-francisco-y-anuncio-un-nuevo-partido-por-la-paz","status":"publish","type":"post","link":"https:\/\/notinor.com\/jujuy\/maradona-se-reunio-con-francisco-y-anuncio-un-nuevo-partido-por-la-paz\/","title":{"rendered":"Maradona se reuni\u00f3 con Francisco y anunci\u00f3 un nuevo partido por la paz"},"content":{"rendered":"<p>El ex astro del f\u00fatbol mundial se encontr\u00f3 en el Vaticano con el Papa y anunci\u00f3 la realizaci\u00f3n del II Partido por la Paz, que tendr\u00e1 lugar en el Estadio Ol\u00edmpico de Roma en octubre.<\/p>\n<p>El ex futbolista se defini\u00f3 como \"hincha de Francisco\", momentos despu\u00e9s de mantener un encuentro privado con el papa y al participar de una conferencia de prensa junto a los directores mundiales de Scholas Ocurrentes, la red de escuelas impulsada por el pont\u00edfice, Jos\u00e9 Mar\u00eda del Corral y Enrique Palmeyro.<\/p>\n<p>\"Es un papa muy bueno, fant\u00e1stico dir\u00eda yo, va a hacer cosas muy buenas por los chicos. Lo \u00fanico que puedo decir es que soy hoy hincha de Francisco, el primer hincha de Francisco soy yo\", asegur\u00f3 tras encontrarse por tercera vez con Jorge Bergoglio, despu\u00e9s de que ambos se vieran el 1 y el 4 de septiembre.<\/p>\n<p>Maradona fue capit\u00e1n en el \"Partido por la Paz\" que se desarroll\u00f3 el 1 de septiembre pasado y que convoc\u00f3 a futbolistas de todas las religiones y culturas.<\/p>\n<p>Como en esa oportunidad, los fondos que se recauden en el pr\u00f3ximo partido ser\u00e1n destinados al desarrollo y a la financiaci\u00f3n de proyectos educativos de distintas escuelas, redes y organizaciones socioeducativas de todo el mundo.<\/p>\n<p>En el primer encuentro participaron futbolistas en actividad y retirados como Lionel Messi, Javier Mascherano, Ronaldinho, Andrea Pirlo, Javier Zanetti y Gianluigi Buffon, y se recolectaron 900.000 euros.<\/p>\n<p>&nbsp;<\/p>\n","protected":false},"excerpt":{"rendered":"<p>El ex astro del f\u00fatbol mundial se encontr\u00f3 en el Vaticano con el Papa y anunci\u00f3 la realizaci\u00f3n del II Partido por la Paz, que tendr\u00e1 lugar en el Estadio Ol\u00edmpico de Roma en octubre. El ex futbolista se defini\u00f3 como \"hincha de Francisco\", momentos despu\u00e9s de mantener un encuentro privado con el papa y [&hellip;]<\/p>\n","protected":false},"author":1,"featured_media":24462,"comment_status":"open","ping_status":"open","sticky":false,"template":"","format":"standard","meta":{"_stopmodifiedupdate":false,"_modified_date":"","inline_featured_image":false,"spay_email":"","jetpack_publicize_message":""},"categories":[7],"tags":[],"jetpack_featured_media_url":"https:\/\/notinor.com\/jujuy\/wp-content\/uploads\/2015\/04\/mardona.jpg","jetpack_publicize_connections":[],"_links":{"self":[{"href":"https:\/\/notinor.com\/jujuy\/wp-json\/wp\/v2\/posts\/24461"}],"collection":[{"href":"https:\/\/notinor.com\/jujuy\/wp-json\/wp\/v2\/posts"}],"about":[{"href":"https:\/\/notinor.com\/jujuy\/wp-json\/wp\/v2\/types\/post"}],"author":[{"embeddable":true,"href":"https:\/\/notinor.com\/jujuy\/wp-json\/wp\/v2\/users\/1"}],"replies":[{"embeddable":true,"href":"https:\/\/notinor.com\/jujuy\/wp-json\/wp\/v2\/comments?post=24461"}],"version-history":[{"count":1,"href":"https:\/\/notinor.com\/jujuy\/wp-json\/wp\/v2\/posts\/24461\/revisions"}],"predecessor-version":[{"id":24463,"href":"https:\/\/notinor.com\/jujuy\/wp-json\/wp\/v2\/posts\/24461\/revisions\/24463"}],"wp:featuredmedia":[{"embeddable":true,"href":"https:\/\/notinor.com\/jujuy\/wp-json\/wp\/v2\/media\/24462"}],"wp:attachment":[{"href":"https:\/\/notinor.com\/jujuy\/wp-json\/wp\/v2\/media?parent=24461"}],"wp:term":[{"taxonomy":"category","embeddable":true,"href":"https:\/\/notinor.com\/jujuy\/wp-json\/wp\/v2\/categories?post=24461"},{"taxonomy":"post_tag","embeddable":true,"href":"https:\/\/notinor.com\/jujuy\/wp-json\/wp\/v2\/tags?post=24461"}],"curies":[{"name":"wp","href":"https:\/\/api.w.org\/{rel}","templated":true}]}}