{"id":244569,"date":"2020-06-10T11:37:28","date_gmt":"2020-06-10T14:37:28","guid":{"rendered":"https:\/\/notinor.com\/jujuy\/?p=244569"},"modified":"2020-06-10T11:37:30","modified_gmt":"2020-06-10T14:37:30","slug":"aseguran-que-santa-rosa-de-lima-se-aparecio-en-purmamarca","status":"publish","type":"post","link":"https:\/\/notinor.com\/jujuy\/aseguran-que-santa-rosa-de-lima-se-aparecio-en-purmamarca\/","title":{"rendered":"Aseguran que Santa Rosa de Lima se apareci\u00f3 en Purmamarca"},"content":{"rendered":"\n<p>La imagen de la virgen fue reconocida por gente del lugar en una piedra del Paseo de Los Colorados.<\/p>\n\n\n\n<figure class=\"wp-block-image size-large\"><img decoding=\"async\" loading=\"lazy\" width=\"770\" height=\"433\" src=\"https:\/\/notinor.com\/jujuy\/wp-content\/uploads\/2020\/06\/0001372657.jpg\" alt=\"\" class=\"wp-image-244570\" srcset=\"https:\/\/notinor.com\/jujuy\/wp-content\/uploads\/2020\/06\/0001372657.jpg 770w, https:\/\/notinor.com\/jujuy\/wp-content\/uploads\/2020\/06\/0001372657-649x365.jpg 649w, https:\/\/notinor.com\/jujuy\/wp-content\/uploads\/2020\/06\/0001372657-500x280.jpg 500w, https:\/\/notinor.com\/jujuy\/wp-content\/uploads\/2020\/06\/0001372657-768x432.jpg 768w\" sizes=\"(max-width: 770px) 100vw, 770px\" \/><\/figure>\n\n\n\n<p class=\"has-background has-vivid-cyan-blue-background-color\">En Purmamarca aseguran la aparici\u00f3n de una imagen que se asemeja a Santa Rosa de Lima, la misma se puede observar en una piedra ubicada en el Paseo de Los Coloreados.<\/p>\n\n\n\n<p>La gente del lugar es muy creyente y aseguran que se trata de una se\u00f1al, m\u00e1s a\u00fan en estos tiempos de pandemia, donde la fe es muy significativa. <\/p>\n\n\n\n<p>A las pocas horas de que se viralizara la imagen del  hallazgo, mucha gente se acerc\u00f3 al lugar a rezar y poner velas.<\/p>\n\n\n\n<p>Desde el pueblo piden que se preserve la imagen y que no se la toque, sobre todo teniendo en cuenta que los fines de semana se reciben muchas visitas y m\u00e1s ahora que la circulaci\u00f3n los fines de semana ser\u00e1 libre para el turismo interno. <\/p>\n","protected":false},"excerpt":{"rendered":"<p>La imagen de la virgen fue reconocida por gente del lugar en una piedra del Paseo de Los Colorados. En Purmamarca aseguran la aparici\u00f3n de una imagen que se asemeja a Santa Rosa de Lima, la misma se puede observar en una piedra ubicada en el Paseo de Los Coloreados. La gente del lugar es [&hellip;]<\/p>\n","protected":false},"author":37,"featured_media":244570,"comment_status":"open","ping_status":"open","sticky":false,"template":"","format":"standard","meta":{"_stopmodifiedupdate":false,"_modified_date":"","inline_featured_image":false},"categories":[13],"tags":[],"jetpack_featured_media_url":"https:\/\/notinor.com\/jujuy\/wp-content\/uploads\/2020\/06\/0001372657.jpg","_links":{"self":[{"href":"https:\/\/notinor.com\/jujuy\/wp-json\/wp\/v2\/posts\/244569"}],"collection":[{"href":"https:\/\/notinor.com\/jujuy\/wp-json\/wp\/v2\/posts"}],"about":[{"href":"https:\/\/notinor.com\/jujuy\/wp-json\/wp\/v2\/types\/post"}],"author":[{"embeddable":true,"href":"https:\/\/notinor.com\/jujuy\/wp-json\/wp\/v2\/users\/37"}],"replies":[{"embeddable":true,"href":"https:\/\/notinor.com\/jujuy\/wp-json\/wp\/v2\/comments?post=244569"}],"version-history":[{"count":1,"href":"https:\/\/notinor.com\/jujuy\/wp-json\/wp\/v2\/posts\/244569\/revisions"}],"predecessor-version":[{"id":244572,"href":"https:\/\/notinor.com\/jujuy\/wp-json\/wp\/v2\/posts\/244569\/revisions\/244572"}],"wp:featuredmedia":[{"embeddable":true,"href":"https:\/\/notinor.com\/jujuy\/wp-json\/wp\/v2\/media\/244570"}],"wp:attachment":[{"href":"https:\/\/notinor.com\/jujuy\/wp-json\/wp\/v2\/media?parent=244569"}],"wp:term":[{"taxonomy":"category","embeddable":true,"href":"https:\/\/notinor.com\/jujuy\/wp-json\/wp\/v2\/categories?post=244569"},{"taxonomy":"post_tag","embeddable":true,"href":"https:\/\/notinor.com\/jujuy\/wp-json\/wp\/v2\/tags?post=244569"}],"curies":[{"name":"wp","href":"https:\/\/api.w.org\/{rel}","templated":true}]}}