{"id":244562,"date":"2020-06-10T11:25:42","date_gmt":"2020-06-10T14:25:42","guid":{"rendered":"https:\/\/notinor.com\/jujuy\/?p=244562"},"modified":"2020-06-10T11:25:48","modified_gmt":"2020-06-10T14:25:48","slug":"buscan-potenciar-el-futuro-laboral-de-productores-de-animales-de-granja-y-tecnicos-en-produccion-lechera","status":"publish","type":"post","link":"https:\/\/notinor.com\/jujuy\/buscan-potenciar-el-futuro-laboral-de-productores-de-animales-de-granja-y-tecnicos-en-produccion-lechera\/","title":{"rendered":"Buscan potenciar el futuro laboral de Productores de Animales de Granja y t\u00e9cnicos en Producci\u00f3n Lechera"},"content":{"rendered":"\n<p>Se firmaron dos acuerdos: uno de cooperaci\u00f3n y asistencia t\u00e9cnica y otro de aceptaci\u00f3n de pr\u00e1cticas de campo durante el cursado de materias.<\/p>\n\n\n\n<figure class=\"wp-block-image size-large\"><img decoding=\"async\" loading=\"lazy\" width=\"1024\" height=\"768\" src=\"https:\/\/i1.wp.com\/notinor.com\/jujuy\/wp-content\/uploads\/2020\/06\/WhatsApp-Image-2020-06-09-at-05.45.40-1024x768-1.jpeg?fit=640%2C480&amp;ssl=1\" alt=\"\" class=\"wp-image-244563\" srcset=\"https:\/\/notinor.com\/jujuy\/wp-content\/uploads\/2020\/06\/WhatsApp-Image-2020-06-09-at-05.45.40-1024x768-1.jpeg 1024w, https:\/\/notinor.com\/jujuy\/wp-content\/uploads\/2020\/06\/WhatsApp-Image-2020-06-09-at-05.45.40-1024x768-1-487x365.jpeg 487w, https:\/\/notinor.com\/jujuy\/wp-content\/uploads\/2020\/06\/WhatsApp-Image-2020-06-09-at-05.45.40-1024x768-1-640x480.jpeg 640w, https:\/\/notinor.com\/jujuy\/wp-content\/uploads\/2020\/06\/WhatsApp-Image-2020-06-09-at-05.45.40-1024x768-1-768x576.jpeg 768w\" sizes=\"(max-width: 1024px) 100vw, 1024px\" \/><\/figure>\n\n\n\n<p class=\"has-background has-vivid-cyan-blue-background-color\">El ministro de Desarrollo Econ\u00f3mico y Producci\u00f3n, Exequiel Lello Ivacevich, rubric\u00f3 dos convenios con la Facultad de Ciencias Agrarias de la Universidad Nacional de Jujuy (Unju), con el objeto de potenciar la capacidad de los futuros profesionales del \u00e1rea. <\/p>\n\n\n\n<p>En la oportunidad, explic\u00f3 el ministro, se firmaron dos acuerdos. Uno de cooperaci\u00f3n y asistencia t\u00e9cnica y otro de aceptaci\u00f3n de pr\u00e1cticas de campo durante el cursado de las materias para las de Tecnicatura Universitaria en Producci\u00f3n de Animales de Granja y la Tecnicatura Universitaria en Producci\u00f3n Lechera.<\/p>\n\n\n\n<p>\u201cLa idea es generar y consolidar las competencias de los estudiantes y futuros profesionales de nuestra provincia, por eso es que decidimos aunar criterios, para que podamos dar mejores alternativas a nuestros j\u00f3venes\u201d, sostuvo al respecto el m\u00e1ximo referente de la cartera de producci\u00f3n.<\/p>\n\n\n\n<p>Explic\u00f3 que la Facultad de Ciencias Agrarias tiene como requisito fundamental para la obtenci\u00f3n del t\u00edtulo, la realizaci\u00f3n de un trabajo final, lo cual implica pr\u00e1cticas de campo basada en las diferentes producciones de acuerdo al tema elegido por el estudiante. Por otro lado, requiere la concreci\u00f3n de pr\u00e1cticas de campo durante el cursado de las materias, con el objetivo de generar las competencias necesarias para que el profesional se desempe\u00f1e en su \u00e1mbito laboral con la mayor cantidad y calidad de herramientas.<\/p>\n\n\n\n<p>Por eso, \u201cel objetivo es ofrecer a los estudiantes desde el Ministerio de Desarrollo Econ\u00f3mico y Producci\u00f3n, espacios donde realizar estas pr\u00e1cticas ya que contamos con numerosos campos con diversidad de producciones\u201d.<br>\u201cNo s\u00f3lo tenemos los espacios que se necesitan, sino que tambi\u00e9n contamos con productores de experiencia y conocimientos que pueden ser de gran ayuda para los estudiantes, para optimizar sus aprendizajes\u201d, enfatiz\u00f3 Exequiel Lello Ivacevich.<\/p>\n\n\n\n<p>Por su parte, el decano de la Facultad de Ciencias Agrarias, Dante Fernando Hormigo, celebr\u00f3 la iniciativa y asegur\u00f3 \u201ceste tipo de iniciativas son fundamentales para que el d\u00eda de ma\u00f1ana, nuestros alumnos sean profesionales de primer nivel\u201d.<\/p>\n\n\n\n<p>En esa l\u00ednea inform\u00f3 que para acceder a las pr\u00e1cticas de campo, los alumnos deber\u00e1n cumplir con los siguientes requisitos: observar los reglamentos y las disposiciones internas de la Instituci\u00f3n en lo relativo a la seguridad, higiene, disciplina asistencia y puntualidad. Considerar como confidencial toda la informaci\u00f3n que reciban o llegue a su conocimiento relacionada con las actividades, procesos, f\u00f3rmulas, m\u00e9todos, etc\u00e9tera, al que tenga acceso: directa o indirectamente, antes o despu\u00e9s de expirar el plazo de las pr\u00e1cticas de campo.<\/p>\n\n\n\n<p>Adem\u00e1s, aclar\u00f3, los alumnos no percibir\u00e1n una remuneraci\u00f3n por las tareas encomendadas y tendr\u00e1n que cumplir con el horario asignado por el Ministerio de Desarrollo Econ\u00f3mico y Producci\u00f3n, para el desarrollo de las tareas de capacitaci\u00f3n.<\/p>\n\n\n\n<p>El decano detall\u00f3 que para garantizar la seguridad de los estudiantes, la Facultad se har\u00e1 cargo de un seguro que proteja a los practicantes durante la realizaci\u00f3n de las Pr\u00e1cticas de Campo. Adem\u00e1s, asumir\u00e1 por completo el costo de traslado hasta el lugar de la Pr\u00e1ctica, de los alumnos que se encuentren en condiciones de efectuar las mismas.<\/p>\n\n\n\n<p>Cabe mencionar que acompa\u00f1\u00f3 el evento, la secretaria de Desarrollo Productivo Patricia R\u00edos.<\/p>\n","protected":false},"excerpt":{"rendered":"<p>Se firmaron dos acuerdos: uno de cooperaci\u00f3n y asistencia t\u00e9cnica y otro de aceptaci\u00f3n de pr\u00e1cticas de campo durante el cursado de materias. El ministro de Desarrollo Econ\u00f3mico y Producci\u00f3n, Exequiel Lello Ivacevich, rubric\u00f3 dos convenios con la Facultad de Ciencias Agrarias de la Universidad Nacional de Jujuy (Unju), con el objeto de potenciar la [&hellip;]<\/p>\n","protected":false},"author":37,"featured_media":244563,"comment_status":"open","ping_status":"open","sticky":false,"template":"","format":"standard","meta":{"_stopmodifiedupdate":false,"_modified_date":"","inline_featured_image":false},"categories":[13],"tags":[],"jetpack_featured_media_url":"https:\/\/notinor.com\/jujuy\/wp-content\/uploads\/2020\/06\/WhatsApp-Image-2020-06-09-at-05.45.40-1024x768-1.jpeg","_links":{"self":[{"href":"https:\/\/notinor.com\/jujuy\/wp-json\/wp\/v2\/posts\/244562"}],"collection":[{"href":"https:\/\/notinor.com\/jujuy\/wp-json\/wp\/v2\/posts"}],"about":[{"href":"https:\/\/notinor.com\/jujuy\/wp-json\/wp\/v2\/types\/post"}],"author":[{"embeddable":true,"href":"https:\/\/notinor.com\/jujuy\/wp-json\/wp\/v2\/users\/37"}],"replies":[{"embeddable":true,"href":"https:\/\/notinor.com\/jujuy\/wp-json\/wp\/v2\/comments?post=244562"}],"version-history":[{"count":1,"href":"https:\/\/notinor.com\/jujuy\/wp-json\/wp\/v2\/posts\/244562\/revisions"}],"predecessor-version":[{"id":244564,"href":"https:\/\/notinor.com\/jujuy\/wp-json\/wp\/v2\/posts\/244562\/revisions\/244564"}],"wp:featuredmedia":[{"embeddable":true,"href":"https:\/\/notinor.com\/jujuy\/wp-json\/wp\/v2\/media\/244563"}],"wp:attachment":[{"href":"https:\/\/notinor.com\/jujuy\/wp-json\/wp\/v2\/media?parent=244562"}],"wp:term":[{"taxonomy":"category","embeddable":true,"href":"https:\/\/notinor.com\/jujuy\/wp-json\/wp\/v2\/categories?post=244562"},{"taxonomy":"post_tag","embeddable":true,"href":"https:\/\/notinor.com\/jujuy\/wp-json\/wp\/v2\/tags?post=244562"}],"curies":[{"name":"wp","href":"https:\/\/api.w.org\/{rel}","templated":true}]}}