{"id":244559,"date":"2020-06-10T11:13:14","date_gmt":"2020-06-10T14:13:14","guid":{"rendered":"https:\/\/notinor.com\/jujuy\/?p=244559"},"modified":"2020-06-10T11:13:19","modified_gmt":"2020-06-10T14:13:19","slug":"becas-progresar-guia-para-acceder-al-beneficio","status":"publish","type":"post","link":"https:\/\/notinor.com\/jujuy\/becas-progresar-guia-para-acceder-al-beneficio\/","title":{"rendered":"Becas Progresar: gu\u00eda para acceder al beneficio"},"content":{"rendered":"\n<p>Se encuentra disponible una gu\u00eda que explica diferentes contenidos, que debe tener en cuenta el estudiante sobre el programa.<\/p>\n\n\n\n<figure class=\"wp-block-image size-large\"><img decoding=\"async\" loading=\"lazy\" width=\"1280\" height=\"720\" src=\"https:\/\/i1.wp.com\/notinor.com\/jujuy\/wp-content\/uploads\/2020\/06\/Becas-Progresar.jpg?fit=840%2C473&amp;ssl=1\" alt=\"\" class=\"wp-image-244560\" srcset=\"https:\/\/notinor.com\/jujuy\/wp-content\/uploads\/2020\/06\/Becas-Progresar.jpg 1280w, https:\/\/notinor.com\/jujuy\/wp-content\/uploads\/2020\/06\/Becas-Progresar-649x365.jpg 649w, https:\/\/notinor.com\/jujuy\/wp-content\/uploads\/2020\/06\/Becas-Progresar-840x473.jpg 840w, https:\/\/notinor.com\/jujuy\/wp-content\/uploads\/2020\/06\/Becas-Progresar-500x280.jpg 500w, https:\/\/notinor.com\/jujuy\/wp-content\/uploads\/2020\/06\/Becas-Progresar-768x432.jpg 768w\" sizes=\"(max-width: 1280px) 100vw, 1280px\" \/><\/figure>\n\n\n\n<p class=\"has-background has-vivid-cyan-blue-background-color\">La Direcci\u00f3n de Educaci\u00f3n Superior dependiente de la Secretar\u00eda de Gesti\u00f3n Educativa del Ministerio de Educaci\u00f3n de la Provincia comunica que se encuentra disponible una gu\u00eda que explica diferentes contenidos, que debe tener en cuenta el estudiante sobre el programa que instrumenta el Gobierno Nacional. <\/p>\n\n\n\n<p>La Gu\u00eda se puede descargar en este enlace<a href=\"http:\/\/educacion.jujuy.gob.ar\/wp-content\/uploads\/sites\/15\/2020\/06\/Guia-del-becarios-as-progresar-formacion-docente.pdf\">\u00a0http:\/\/educacion.jujuy.gob.ar\/wp-content\/uploads\/sites\/15\/2020\/06\/Guia-del-becarios-as-progresar-formacion-docente.pdf<\/a><br><\/p>\n","protected":false},"excerpt":{"rendered":"<p>Se encuentra disponible una gu\u00eda que explica diferentes contenidos, que debe tener en cuenta el estudiante sobre el programa. La Direcci\u00f3n de Educaci\u00f3n Superior dependiente de la Secretar\u00eda de Gesti\u00f3n Educativa del Ministerio de Educaci\u00f3n de la Provincia comunica que se encuentra disponible una gu\u00eda que explica diferentes contenidos, que debe tener en cuenta el [&hellip;]<\/p>\n","protected":false},"author":37,"featured_media":244560,"comment_status":"open","ping_status":"open","sticky":false,"template":"","format":"standard","meta":{"_stopmodifiedupdate":false,"_modified_date":"","inline_featured_image":false},"categories":[13],"tags":[],"jetpack_featured_media_url":"https:\/\/notinor.com\/jujuy\/wp-content\/uploads\/2020\/06\/Becas-Progresar.jpg","_links":{"self":[{"href":"https:\/\/notinor.com\/jujuy\/wp-json\/wp\/v2\/posts\/244559"}],"collection":[{"href":"https:\/\/notinor.com\/jujuy\/wp-json\/wp\/v2\/posts"}],"about":[{"href":"https:\/\/notinor.com\/jujuy\/wp-json\/wp\/v2\/types\/post"}],"author":[{"embeddable":true,"href":"https:\/\/notinor.com\/jujuy\/wp-json\/wp\/v2\/users\/37"}],"replies":[{"embeddable":true,"href":"https:\/\/notinor.com\/jujuy\/wp-json\/wp\/v2\/comments?post=244559"}],"version-history":[{"count":1,"href":"https:\/\/notinor.com\/jujuy\/wp-json\/wp\/v2\/posts\/244559\/revisions"}],"predecessor-version":[{"id":244561,"href":"https:\/\/notinor.com\/jujuy\/wp-json\/wp\/v2\/posts\/244559\/revisions\/244561"}],"wp:featuredmedia":[{"embeddable":true,"href":"https:\/\/notinor.com\/jujuy\/wp-json\/wp\/v2\/media\/244560"}],"wp:attachment":[{"href":"https:\/\/notinor.com\/jujuy\/wp-json\/wp\/v2\/media?parent=244559"}],"wp:term":[{"taxonomy":"category","embeddable":true,"href":"https:\/\/notinor.com\/jujuy\/wp-json\/wp\/v2\/categories?post=244559"},{"taxonomy":"post_tag","embeddable":true,"href":"https:\/\/notinor.com\/jujuy\/wp-json\/wp\/v2\/tags?post=244559"}],"curies":[{"name":"wp","href":"https:\/\/api.w.org\/{rel}","templated":true}]}}