{"id":244461,"date":"2020-06-10T21:00:00","date_gmt":"2020-06-11T00:00:00","guid":{"rendered":"https:\/\/notinor.com\/jujuy\/?p=244461"},"modified":"2020-06-09T21:48:34","modified_gmt":"2020-06-10T00:48:34","slug":"datos-curiosos-del-cabello","status":"publish","type":"post","link":"https:\/\/notinor.com\/jujuy\/datos-curiosos-del-cabello\/","title":{"rendered":"Datos curiosos del cabello."},"content":{"rendered":"\n<p> Lo lavamos, peinamos y dedicamos una rutina de cuidados para que est\u00e9 lo m\u00e1s lindo y brillante. El cabello , es considerado como signo de belleza para la mayor\u00eda de las personas. Si bien parece bastante b\u00e1sico, el pelo es m\u00e1s complejo de lo que creemos, hoy compartimos curiosidades interesantes sobre \u00e9ste. <\/p>\n\n\n\n<figure class=\"wp-block-image size-large\"><img decoding=\"async\" loading=\"lazy\" width=\"600\" height=\"392\" src=\"https:\/\/notinor.com\/jujuy\/wp-content\/uploads\/2020\/06\/pelu1-600x392-1.jpg\" alt=\"\" class=\"wp-image-244464\" srcset=\"https:\/\/notinor.com\/jujuy\/wp-content\/uploads\/2020\/06\/pelu1-600x392-1.jpg 600w, https:\/\/notinor.com\/jujuy\/wp-content\/uploads\/2020\/06\/pelu1-600x392-1-559x365.jpg 559w\" sizes=\"(max-width: 600px) 100vw, 600px\" \/><\/figure>\n\n\n\n<p><strong>Datos curiosos sobre el pelo<\/strong><\/p>\n\n\n\n<ul><li>En promedio, cada persona tiene entre cien mil y ciento cincuenta mil cabellos en su cabeza<\/li><li>El cabello, crece entre 0,3 y 0,5 mil\u00edmetros diariamente, es decir, cerca de 11 cent\u00edmetros al a\u00f1o<\/li><li>Un solo cabello es capaz de soportar 100 gramos de peso, bastante impresionante<\/li><li>Cada cent\u00edmetro c\u00fabico de cabello pesa 1.3 gramos<\/li><li>El cabello crece m\u00e1s r\u00e1pido en climas c\u00e1lidos<\/li><li>Un cabello sano, puede expandirse hasta un 30% si lo jalamos<\/li><li>El cabello es la segunda estructura que crece m\u00e1s r\u00e1pido en el cuerpo, detr\u00e1s de la m\u00e9dula \u00f3sea.<\/li><li>Quienes tienen el cabello largo, llevan diariamente sobre su cabeza un peso de m\u00e1s de 200 gramos<\/li><li>Cada d\u00eda, perdemos entre 50 y 100 cabellos<\/li><li>Cada cabello, puede estar en tu cabeza hasta por 5 a\u00f1os<\/li><li>Los rubios tienen m\u00e1s cabellos que los pelirrojos o morenos<\/li><li>Para notar que una persona se est\u00e1 quedando calva, necesita haber perdido casi el 50% de su cabello<\/li><\/ul>\n\n\n\n<p><strong>Distribuci\u00f3n de los colores de cabello<\/strong><\/p>\n\n\n\n<p>Hay cuatro colores de cabello, cada uno con sus subtonos:<\/p>\n\n\n\n<p>Negro: El color m\u00e1s com\u00fan de todos y, quienes tienen el cabello negro o de un casta\u00f1o muy oscuro, representan a casi tres cuartos de la poblaci\u00f3n.<\/p>\n\n\n\n<p>Casta\u00f1o: El casta\u00f1o medio o claro, ocupa el segundo puesto del ranking en cuanto a la distribuci\u00f3n de colores de cabello a nivel mundial, con poco menos de un 25%<\/p>\n\n\n\n<p>Rubio: S\u00f3lo el 2% de las personas en el mundo tienen el cabello rubio<\/p>\n\n\n\n<p>Pelirrojo:&nbsp;el m\u00e1s raro y presente s\u00f3lo en el 1% de la poblaci\u00f3n<\/p>\n\n\n\n<p>La mayor cantidad de pelirrojos habita en Escocia y, los rubios se distribuyen principalmente en Europa y Estados Unidos.<\/p>\n\n\n\n<p>Muchos ni\u00f1os nacen con cabello rubio y, durante la infancia y adolescencia, pasan a un tono casta\u00f1o.<\/p>\n\n\n\n<p>\u00bfConoc\u00edas estas rarezas y curiosidades el cabello?<\/p>\n","protected":false},"excerpt":{"rendered":"<p>Lo lavamos, peinamos y dedicamos una rutina de cuidados para que est\u00e9 lo m\u00e1s lindo y brillante. El cabello , es considerado como signo de belleza para la mayor\u00eda de las personas. Si bien parece bastante b\u00e1sico, el pelo es m\u00e1s complejo de lo que creemos, hoy compartimos curiosidades interesantes sobre \u00e9ste. Datos curiosos sobre [&hellip;]<\/p>\n","protected":false},"author":1,"featured_media":244464,"comment_status":"open","ping_status":"open","sticky":false,"template":"","format":"standard","meta":{"_stopmodifiedupdate":false,"_modified_date":"","inline_featured_image":false,"spay_email":"","jetpack_publicize_message":""},"categories":[828],"tags":[],"jetpack_featured_media_url":"https:\/\/notinor.com\/jujuy\/wp-content\/uploads\/2020\/06\/pelu1-600x392-1.jpg","jetpack_publicize_connections":[],"_links":{"self":[{"href":"https:\/\/notinor.com\/jujuy\/wp-json\/wp\/v2\/posts\/244461"}],"collection":[{"href":"https:\/\/notinor.com\/jujuy\/wp-json\/wp\/v2\/posts"}],"about":[{"href":"https:\/\/notinor.com\/jujuy\/wp-json\/wp\/v2\/types\/post"}],"author":[{"embeddable":true,"href":"https:\/\/notinor.com\/jujuy\/wp-json\/wp\/v2\/users\/1"}],"replies":[{"embeddable":true,"href":"https:\/\/notinor.com\/jujuy\/wp-json\/wp\/v2\/comments?post=244461"}],"version-history":[{"count":1,"href":"https:\/\/notinor.com\/jujuy\/wp-json\/wp\/v2\/posts\/244461\/revisions"}],"predecessor-version":[{"id":244468,"href":"https:\/\/notinor.com\/jujuy\/wp-json\/wp\/v2\/posts\/244461\/revisions\/244468"}],"wp:featuredmedia":[{"embeddable":true,"href":"https:\/\/notinor.com\/jujuy\/wp-json\/wp\/v2\/media\/244464"}],"wp:attachment":[{"href":"https:\/\/notinor.com\/jujuy\/wp-json\/wp\/v2\/media?parent=244461"}],"wp:term":[{"taxonomy":"category","embeddable":true,"href":"https:\/\/notinor.com\/jujuy\/wp-json\/wp\/v2\/categories?post=244461"},{"taxonomy":"post_tag","embeddable":true,"href":"https:\/\/notinor.com\/jujuy\/wp-json\/wp\/v2\/tags?post=244461"}],"curies":[{"name":"wp","href":"https:\/\/api.w.org\/{rel}","templated":true}]}}