{"id":244136,"date":"2020-06-08T13:13:00","date_gmt":"2020-06-08T16:13:00","guid":{"rendered":"https:\/\/notinor.com\/jujuy\/?p=244136"},"modified":"2020-08-24T12:21:03","modified_gmt":"2020-08-24T15:21:03","slug":"lenny-kravitz-el-video-de-su-nuevo-single-ride%f0%9f%98%80una-letra-hermosa-para-dedicar","status":"publish","type":"post","link":"https:\/\/notinor.com\/jujuy\/lenny-kravitz-el-video-de-su-nuevo-single-ride%f0%9f%98%80una-letra-hermosa-para-dedicar\/","title":{"rendered":"Lenny Kravitz el video de su nuevo single \u201cRide\u201d\ud83d\ude00una letra hermosa para dedicar..."},"content":{"rendered":"\n<p> La canci\u00f3n est\u00e1 incluida en su reciente \u00e1lbum \"Raise Vibration\". <\/p>\n\n\n\n<p> Lenny Kravitz estrena el video de su nuevo single \u201cRide\u201d, que fue dirigido por el prestigioso fot\u00f3grafo Mark Seliger y se film\u00f3 en Paris y Senlis, Francia. <\/p>\n\n\n\n<p>\u201cFilmamos este video hace algunos meses en Francia, antes de que pudi\u00e9ramos imaginar c\u00f3mo ser\u00eda la vida hoy. Despu\u00e9s de escuchar la canci\u00f3n con Mark, imaginamos expresarla a trav\u00e9s de los personajes del escritor y del esp\u00edritu\u201d, dice Lenny Kravitz.<\/p>\n\n\n\n<p>La canci\u00f3n representa un agregado valioso a su extenso cat\u00e1logo. Particularmente, Rolling Stone proclam\u00f3 la versi\u00f3n del \u00e1lbum como \u201cuna de sus interpretaciones vocales m\u00e1s asombrosas de los \u00faltimos a\u00f1os\u201d y destac\u00f3: \u201cel sentimiento es tan necesario y tan noble que a\u00fan puede erizarnos la piel despu\u00e9s del impactante final.\u201d<br><\/p>\n\n\n\n<figure class=\"wp-block-image\"><img decoding=\"async\" src=\"https:\/\/www.popelera.net\/wp-content\/uploads\/2018\/05\/lenny-kravitz-raise-vibration.jpg\" alt=\"Lenny Kravitz estrena el videoclip del single 'Ride' | Popelera\"\/><\/figure>\n\n\n\n<p>Lenny Kravitz eleva la combinaci\u00f3n de rock \u2018n\u2019 roll, funk, blues y soul una vez m\u00e1s en su und\u00e9cimo \u00e1lbum Raise Vibration, que obtuvo excelentes cr\u00edticas. Receptivo a la inspiraci\u00f3n juvenil pero iluminado por tres d\u00e9cadas de sabidur\u00eda, representa un poderoso renacimiento creativo y un trabajo atrevido y brillante que concuerda con su legado y su esp\u00edritu inagotable.<br><\/p>\n\n\n\n<figure class=\"wp-block-image\"><img decoding=\"async\" src=\"https:\/\/led.fm\/images\/led\/content\/Noticias\/Espectaculos\/Announce---Lenny-Kravitz-RIDE.jpg\" alt=\"\"\/><\/figure>\n\n\n\n<h3>\u2018RIDE\u2019 (Letra de la cancion)<\/h3>\n\n\n\n<p>When I look into your spirit<br>And the spirit never lies<br>There\u2019s a feeling that I can\u2019t explain<br>Deep inside, deep inside<\/p>\n\n\n\n<p>Feels like I\u2019ve known you forever<br>Since the origin of time<br>I\u2019ve been with you in eternity<br>In my mind, in my mind<\/p>\n\n\n\n<p>I have loved you since the dawn, my love<br>Through the storm, my love, we will ride<br>I have loved you since the dawn, my love<br>Through the storm, my love, we will ride<\/p>\n\n\n\n<p>You and I on Earth together<br>Can\u2019t you see it\u2019s no surprise<br>I know it from the first second, babe<br>As I looked in your eyes<\/p>\n\n\n\n<p>I could only dream of heaven<br>When I gaze into the sky<br>But I know I found my angel here<br>In this life, in this life<\/p>\n\n\n\n<p>I have loved you since the dawn, my love<br>Through the storm, my love, we will ride<br>I have loved you since the dawn, my love<br>Through the storm, my love, we will ride<\/p>\n\n\n\n<p>I have loved you since the dawn, my love<br>Through the storm, my love, we will ride<br>I have loved you since the dawn, my love<br>https:\/\/www.coveralia.com\/letras\/ride-lenny-kravitz.php<br>Through the storm, my love, we will ride<br>We will ride<\/p>\n\n\n\n<p>Ride, ride, ride, ride, ride<\/p>\n\n\n\n<p>I have loved you since the dawn, my love<br>Through the storm, my love, we will ride<br>I have loved you since the dawn, my love<br>Through the storm, my love, we will ride<\/p>\n\n\n\n<p>I have loved you since the dawn, my love<br>Through the storm, my love, we will ride<br>I have loved you since the dawn, my love<br>Through the storm, my love, we will ride<\/p>\n\n\n\n<p>I have loved you since the dawn, my love<br>Through the storm, my love, we will ride<br>I have loved you since the dawn, my love<br>Through the storm, my love, we will ride<\/p>\n\n\n\n<p>I have loved you since the dawn, my love<br>Through the storm, my love, we will ride<br>I have loved you since the dawn, my love<br>Through the storm, my love, we will ride<\/p>\n\n\n\n<p>I have loved you since the dawn, my love<br>Through the storm, my love, we will ride<br>I have loved you since the dawn, my love<br>Through the storm, my love, we will ride<\/p>\n\n\n\n<p>I have loved you since the dawn, my love<br>Through the storm, my love, we will ride<\/p>\n\n\n\n<figure class=\"wp-block-embed-youtube wp-block-embed is-type-video is-provider-youtube wp-embed-aspect-16-9 wp-has-aspect-ratio\"><div class=\"wp-block-embed__wrapper\">\n<div class=\"jeg_video_container jeg_video_content\"><iframe loading=\"lazy\" title=\"Lenny Kravitz - Ride (Official Video)\" width=\"500\" height=\"281\" src=\"https:\/\/www.youtube.com\/embed\/VNYUyAKhsHg?feature=oembed\" frameborder=\"0\" allow=\"accelerometer; autoplay; encrypted-media; gyroscope; picture-in-picture\" allowfullscreen><\/iframe><\/div>\n<\/div><\/figure>\n\n\n\n<figure class=\"wp-block-image\"><img decoding=\"async\" src=\"https:\/\/www.duna.cl\/media\/2020\/06\/lenny-kravitz-ride-video_crop1591107455762.png_554688468.png\" alt=\"Lenny Kravitz estrena el video de &quot;Ride&quot; - Duna 89.7 | Duna 89.7\"\/><\/figure>\n","protected":false},"excerpt":{"rendered":"<p>La canci\u00f3n est\u00e1 incluida en su reciente \u00e1lbum \"Raise Vibration\". Lenny Kravitz estrena el video de su nuevo single \u201cRide\u201d, que fue dirigido por el prestigioso fot\u00f3grafo Mark Seliger y se film\u00f3 en Paris y Senlis, Francia. \u201cFilmamos este video hace algunos meses en Francia, antes de que pudi\u00e9ramos imaginar c\u00f3mo ser\u00eda la vida hoy. [&hellip;]<\/p>\n","protected":false},"author":1,"featured_media":244138,"comment_status":"open","ping_status":"open","sticky":false,"template":"","format":"standard","meta":{"_stopmodifiedupdate":false,"_modified_date":"","inline_featured_image":false,"spay_email":"","jetpack_publicize_message":""},"categories":[21],"tags":[],"jetpack_featured_media_url":"https:\/\/notinor.com\/jujuy\/wp-content\/uploads\/2020\/06\/LENNY-2.png","jetpack_publicize_connections":[],"_links":{"self":[{"href":"https:\/\/notinor.com\/jujuy\/wp-json\/wp\/v2\/posts\/244136"}],"collection":[{"href":"https:\/\/notinor.com\/jujuy\/wp-json\/wp\/v2\/posts"}],"about":[{"href":"https:\/\/notinor.com\/jujuy\/wp-json\/wp\/v2\/types\/post"}],"author":[{"embeddable":true,"href":"https:\/\/notinor.com\/jujuy\/wp-json\/wp\/v2\/users\/1"}],"replies":[{"embeddable":true,"href":"https:\/\/notinor.com\/jujuy\/wp-json\/wp\/v2\/comments?post=244136"}],"version-history":[{"count":1,"href":"https:\/\/notinor.com\/jujuy\/wp-json\/wp\/v2\/posts\/244136\/revisions"}],"predecessor-version":[{"id":244139,"href":"https:\/\/notinor.com\/jujuy\/wp-json\/wp\/v2\/posts\/244136\/revisions\/244139"}],"wp:featuredmedia":[{"embeddable":true,"href":"https:\/\/notinor.com\/jujuy\/wp-json\/wp\/v2\/media\/244138"}],"wp:attachment":[{"href":"https:\/\/notinor.com\/jujuy\/wp-json\/wp\/v2\/media?parent=244136"}],"wp:term":[{"taxonomy":"category","embeddable":true,"href":"https:\/\/notinor.com\/jujuy\/wp-json\/wp\/v2\/categories?post=244136"},{"taxonomy":"post_tag","embeddable":true,"href":"https:\/\/notinor.com\/jujuy\/wp-json\/wp\/v2\/tags?post=244136"}],"curies":[{"name":"wp","href":"https:\/\/api.w.org\/{rel}","templated":true}]}}