{"id":244129,"date":"2020-06-08T12:17:56","date_gmt":"2020-06-08T15:17:56","guid":{"rendered":"https:\/\/notinor.com\/jujuy\/?p=244129"},"modified":"2020-06-08T12:18:00","modified_gmt":"2020-06-08T15:18:00","slug":"por-que-es-importante-mantener-la-piel-hidratada-en-invierno","status":"publish","type":"post","link":"https:\/\/notinor.com\/jujuy\/por-que-es-importante-mantener-la-piel-hidratada-en-invierno\/","title":{"rendered":"\u00bfPor qu\u00e9 es importante mantener la piel hidratada en invierno?"},"content":{"rendered":"\n<p>El verano no es la \u00fanica temporada del a\u00f1o que afecta la piel. Esta sufre y tiende a resecarse tambi\u00e9n durante el invierno, afirma el m\u00e9dico dermat\u00f3logo Carlos Montenegro. Seg\u00fan explica, esto sucede porque\u00a0el tejido cut\u00e1neo pierde agua constantemente\u00a0y reacciona a los cambios de temperatura.<\/p>\n\n\n\n<p>Adem\u00e1s, es una \u00e9poca en que transpiramos menos, lo que aumenta el riesgo de sequedad en la piel, ya que el sudor ayuda a mantener la epidermis h\u00fameda, aporta el doctor Carlos Echevarr\u00eda. De all\u00ed la necesidad de\u00a0mantenerla hidratada con productos que contengan entre sus ingredientes urea y \u00e1cido hialur\u00f3nico.\u00a0Estas sustancias tienen la propiedad de retener el agua en la piel.<\/p>\n\n\n\n<p>La piel pierde agua constantemente y reacciona a los cambios de temperatura.\u00a0Adem\u00e1s, al transpirar menos, como sucede en oto\u00f1o e invierno, aumenta el riesgo de sequedad, ya que el sudor ayuda a mantener la epidermis h\u00fameda. De all\u00ed la necesidad de hidratarla a diario.<\/p>\n\n\n\n<p>Manten\u00e9 el cutis terso\u00a0aplic\u00e1ndote un hidratante en la ma\u00f1ana y en la noche despu\u00e9s de lavarte la cara\u00a0(de preferencia con jab\u00f3n sin detergente, pues tiene un pH similar al de la piel).<\/p>\n\n\n\n<figure class=\"wp-block-image size-large\"><img decoding=\"async\" loading=\"lazy\" width=\"736\" height=\"457\" src=\"https:\/\/notinor.com\/jujuy\/wp-content\/uploads\/2020\/06\/27897c57198fa21837f0cdef48aa551d.jpg\" alt=\"\" class=\"wp-image-244130\" srcset=\"https:\/\/notinor.com\/jujuy\/wp-content\/uploads\/2020\/06\/27897c57198fa21837f0cdef48aa551d.jpg 736w, https:\/\/notinor.com\/jujuy\/wp-content\/uploads\/2020\/06\/27897c57198fa21837f0cdef48aa551d-588x365.jpg 588w\" sizes=\"(max-width: 736px) 100vw, 736px\" \/><\/figure>\n\n\n\n<p>Cuid\u00e1 la delicada piel de los labios aplic\u00e1ndote\u00a0hidratantes labiales con glicerina. Tambi\u00e9n ayuda usar labiales con vitamina A, a\u00f1ade la doctora Betty Sandoval. Estos cuidados son necesarios porque los labios reaccionan r\u00e1pidamente a los cambios de temperatura y al viento. Por eso se resecan.<\/p>\n\n\n\n<p>Una piel hidratada luce luminosa;\u00a0una piel seca es m\u00e1s propensa a presentar dermatitis (inflamaci\u00f3n usualmente irritativa que, con el tiempo, puede aparecer por reacci\u00f3n al\u00e9rgica), explica el doctor C\u00e9sar Ramos. El riesgo es mayor para las personas con ros\u00e1cea y piel at\u00f3pica.<\/p>\n\n\n\n<figure class=\"wp-block-image size-large\"><img decoding=\"async\" loading=\"lazy\" width=\"440\" height=\"386\" src=\"https:\/\/notinor.com\/jujuy\/wp-content\/uploads\/2020\/06\/c136b175a35d0e2868ae34a0d76643a1.jpg\" alt=\"\" class=\"wp-image-244131\" srcset=\"https:\/\/notinor.com\/jujuy\/wp-content\/uploads\/2020\/06\/c136b175a35d0e2868ae34a0d76643a1.jpg 440w, https:\/\/notinor.com\/jujuy\/wp-content\/uploads\/2020\/06\/c136b175a35d0e2868ae34a0d76643a1-416x365.jpg 416w\" sizes=\"(max-width: 440px) 100vw, 440px\" \/><\/figure>\n\n\n\n<p>La base principal de los hidratantes es la urea.\u00a0Con diferentes porcentajes de otros ingredientes (mantequilla de karit\u00e9, cal\u00e9ndula, lactato s\u00f3dico, entre otros) tienen efecto reparador y protector en la piel.<\/p>\n","protected":false},"excerpt":{"rendered":"<p>El verano no es la \u00fanica temporada del a\u00f1o que afecta la piel. Esta sufre y tiende a resecarse tambi\u00e9n durante el invierno, afirma el m\u00e9dico dermat\u00f3logo Carlos Montenegro. Seg\u00fan explica, esto sucede porque\u00a0el tejido cut\u00e1neo pierde agua constantemente\u00a0y reacciona a los cambios de temperatura. Adem\u00e1s, es una \u00e9poca en que transpiramos menos, lo que [&hellip;]<\/p>\n","protected":false},"author":1,"featured_media":244131,"comment_status":"open","ping_status":"open","sticky":false,"template":"","format":"standard","meta":{"_stopmodifiedupdate":false,"_modified_date":"","inline_featured_image":false,"spay_email":"","jetpack_publicize_message":""},"categories":[828],"tags":[],"jetpack_featured_media_url":"https:\/\/notinor.com\/jujuy\/wp-content\/uploads\/2020\/06\/c136b175a35d0e2868ae34a0d76643a1.jpg","jetpack_publicize_connections":[],"_links":{"self":[{"href":"https:\/\/notinor.com\/jujuy\/wp-json\/wp\/v2\/posts\/244129"}],"collection":[{"href":"https:\/\/notinor.com\/jujuy\/wp-json\/wp\/v2\/posts"}],"about":[{"href":"https:\/\/notinor.com\/jujuy\/wp-json\/wp\/v2\/types\/post"}],"author":[{"embeddable":true,"href":"https:\/\/notinor.com\/jujuy\/wp-json\/wp\/v2\/users\/1"}],"replies":[{"embeddable":true,"href":"https:\/\/notinor.com\/jujuy\/wp-json\/wp\/v2\/comments?post=244129"}],"version-history":[{"count":1,"href":"https:\/\/notinor.com\/jujuy\/wp-json\/wp\/v2\/posts\/244129\/revisions"}],"predecessor-version":[{"id":244132,"href":"https:\/\/notinor.com\/jujuy\/wp-json\/wp\/v2\/posts\/244129\/revisions\/244132"}],"wp:featuredmedia":[{"embeddable":true,"href":"https:\/\/notinor.com\/jujuy\/wp-json\/wp\/v2\/media\/244131"}],"wp:attachment":[{"href":"https:\/\/notinor.com\/jujuy\/wp-json\/wp\/v2\/media?parent=244129"}],"wp:term":[{"taxonomy":"category","embeddable":true,"href":"https:\/\/notinor.com\/jujuy\/wp-json\/wp\/v2\/categories?post=244129"},{"taxonomy":"post_tag","embeddable":true,"href":"https:\/\/notinor.com\/jujuy\/wp-json\/wp\/v2\/tags?post=244129"}],"curies":[{"name":"wp","href":"https:\/\/api.w.org\/{rel}","templated":true}]}}