{"id":243970,"date":"2020-06-07T16:51:04","date_gmt":"2020-06-07T19:51:04","guid":{"rendered":"https:\/\/notinor.com\/jujuy\/?p=243970"},"modified":"2020-06-07T16:52:29","modified_gmt":"2020-06-07T19:52:29","slug":"una-familia-trabajadora-perdio-todo-en-la-cuarentena-por-un-incendio","status":"publish","type":"post","link":"https:\/\/notinor.com\/jujuy\/una-familia-trabajadora-perdio-todo-en-la-cuarentena-por-un-incendio\/","title":{"rendered":"Una familia trabajadora perdi\u00f3 todo en la cuarentena por un incendio"},"content":{"rendered":"\n<h2>Las personas que desean ayudarlo pueden comunicarse al tel\u00e9fono: 388-4535224<\/h2>\n\n\n\n<figure class=\"wp-block-image size-large\"><img decoding=\"async\" loading=\"lazy\" width=\"960\" height=\"539\" src=\"https:\/\/i0.wp.com\/notinor.com\/jujuy\/wp-content\/uploads\/2020\/06\/102683498_1151528491893167_3606840774612122550_o.jpg?fit=840%2C472&amp;ssl=1\" alt=\"\" class=\"wp-image-243973\" srcset=\"https:\/\/notinor.com\/jujuy\/wp-content\/uploads\/2020\/06\/102683498_1151528491893167_3606840774612122550_o.jpg 960w, https:\/\/notinor.com\/jujuy\/wp-content\/uploads\/2020\/06\/102683498_1151528491893167_3606840774612122550_o-650x365.jpg 650w, https:\/\/notinor.com\/jujuy\/wp-content\/uploads\/2020\/06\/102683498_1151528491893167_3606840774612122550_o-840x472.jpg 840w, https:\/\/notinor.com\/jujuy\/wp-content\/uploads\/2020\/06\/102683498_1151528491893167_3606840774612122550_o-500x280.jpg 500w, https:\/\/notinor.com\/jujuy\/wp-content\/uploads\/2020\/06\/102683498_1151528491893167_3606840774612122550_o-768x431.jpg 768w\" sizes=\"(max-width: 960px) 100vw, 960px\" \/><\/figure>\n\n\n\n<p>Este domingo, alrededor del mediodia,&nbsp;una familia sufri\u00f3 un incendio en las\ninstalaciones de su vivienda. Las p\u00e9rdidas fueron totales.<\/p>\n\n\n\n<p>El hecho se produjo en el barrio 2 de Agosto de la Ciudad de Monterrico,\nlos motivos de su incendio todav\u00eda est\u00e1n bajo investigaci\u00f3n pero aparentemente\nse tratar\u00eda de un problema el\u00e9ctrico.<\/p>\n\n\n\n<p>La informaci\u00f3n fue transmitida por medios locales, seg\u00fan Monterrico Noticias, la familia de Alberto Floribe, quienes vivian en una habitaci\u00f3n, sufrieron un incendio producto de ello perdieron todos sus bienes tales como el televisor, camas, cucheta de sus hijos, lavarropas, ropas, calzados y toda la documentaci\u00f3n de la familia que est\u00e1 integrada por su esposa y sus 3 hijos de 4,8,10 a\u00f1os respectivamente.<\/p>\n\n\n\n<p>En la casa residen los padres de\nAlberto, y 2 hermanos m\u00e1s y son los que lograron sofocar el incendio que\nr\u00e1pidamente consumi\u00f3 los bienes de esta familia.<\/p>\n\n\n\n<p>Al momento del incendio, Alberto se encontraba trabajando como alba\u00f1il quien al saber la noticia acudi\u00f3 r\u00e1pidamente a su domicilio teniendo la ingrata noticia que su esposa sufri\u00f3 quemaduras \u00a0cuando trataba de rescatar algunos documento de la habitaci\u00f3n aun estando en llamas. La esposa de Alberto se encuentra internada en el nosocomio local. <\/p>\n\n\n\n<p>Las personas\nque desean ayudarlo a salir de esta angustiante situaci\u00f3n pueden comunicarse al\ntel\u00e9fono: 388-4535224<\/p>\n","protected":false},"excerpt":{"rendered":"<p>Las personas que desean ayudarlo pueden comunicarse al tel\u00e9fono: 388-4535224 Este domingo, alrededor del mediodia,&nbsp;una familia sufri\u00f3 un incendio en las instalaciones de su vivienda. Las p\u00e9rdidas fueron totales. El hecho se produjo en el barrio 2 de Agosto de la Ciudad de Monterrico, los motivos de su incendio todav\u00eda est\u00e1n bajo investigaci\u00f3n pero aparentemente [&hellip;]<\/p>\n","protected":false},"author":1,"featured_media":243973,"comment_status":"open","ping_status":"open","sticky":false,"template":"","format":"standard","meta":{"_stopmodifiedupdate":false,"_modified_date":"","inline_featured_image":false,"spay_email":"","jetpack_publicize_message":""},"categories":[4],"tags":[],"jetpack_featured_media_url":"https:\/\/notinor.com\/jujuy\/wp-content\/uploads\/2020\/06\/102683498_1151528491893167_3606840774612122550_o.jpg","jetpack_publicize_connections":[],"_links":{"self":[{"href":"https:\/\/notinor.com\/jujuy\/wp-json\/wp\/v2\/posts\/243970"}],"collection":[{"href":"https:\/\/notinor.com\/jujuy\/wp-json\/wp\/v2\/posts"}],"about":[{"href":"https:\/\/notinor.com\/jujuy\/wp-json\/wp\/v2\/types\/post"}],"author":[{"embeddable":true,"href":"https:\/\/notinor.com\/jujuy\/wp-json\/wp\/v2\/users\/1"}],"replies":[{"embeddable":true,"href":"https:\/\/notinor.com\/jujuy\/wp-json\/wp\/v2\/comments?post=243970"}],"version-history":[{"count":2,"href":"https:\/\/notinor.com\/jujuy\/wp-json\/wp\/v2\/posts\/243970\/revisions"}],"predecessor-version":[{"id":243975,"href":"https:\/\/notinor.com\/jujuy\/wp-json\/wp\/v2\/posts\/243970\/revisions\/243975"}],"wp:featuredmedia":[{"embeddable":true,"href":"https:\/\/notinor.com\/jujuy\/wp-json\/wp\/v2\/media\/243973"}],"wp:attachment":[{"href":"https:\/\/notinor.com\/jujuy\/wp-json\/wp\/v2\/media?parent=243970"}],"wp:term":[{"taxonomy":"category","embeddable":true,"href":"https:\/\/notinor.com\/jujuy\/wp-json\/wp\/v2\/categories?post=243970"},{"taxonomy":"post_tag","embeddable":true,"href":"https:\/\/notinor.com\/jujuy\/wp-json\/wp\/v2\/tags?post=243970"}],"curies":[{"name":"wp","href":"https:\/\/api.w.org\/{rel}","templated":true}]}}