{"id":243787,"date":"2020-06-06T16:36:55","date_gmt":"2020-06-06T19:36:55","guid":{"rendered":"https:\/\/notinor.com\/jujuy\/?p=243787"},"modified":"2020-08-24T12:21:03","modified_gmt":"2020-08-24T15:21:03","slug":"cuarentena-una-escuelita-que-no-descansa-y-transforma-desde-el-arte","status":"publish","type":"post","link":"https:\/\/notinor.com\/jujuy\/cuarentena-una-escuelita-que-no-descansa-y-transforma-desde-el-arte\/","title":{"rendered":"Cuarentena: una escuelita que no descansa y transforma desde el arte"},"content":{"rendered":"\n<p><\/p>\n\n\n\n<p><strong><em>Desde hace m\u00e1s de un mes, la Escuela Art\u00edstica Popular \u201cNi\u00f1os P\u00e1jaros\u201d,\nde Alto Comedero, ha sabido adaptarse y continuar con sus actividades, brindado\ntalleres a cientos de ni\u00f1os de toda la provincia, bajo modalidad libre y\ngratuita, siendo una experiencia \u00fanica en todo Jujuy. <\/em><\/strong><\/p>\n\n\n\n<figure class=\"is-layout-flex wp-block-gallery-1 wp-block-gallery columns-3 is-cropped\"><ul class=\"blocks-gallery-grid\"><li class=\"blocks-gallery-item\"><figure><img decoding=\"async\" loading=\"lazy\" width=\"447\" height=\"432\" src=\"https:\/\/notinor.com\/jujuy\/wp-content\/uploads\/2020\/06\/05.jpeg\" alt=\"\" data-id=\"243788\" data-link=\"https:\/\/notinor.com\/jujuy\/?attachment_id=243788\" class=\"wp-image-243788\" srcset=\"https:\/\/notinor.com\/jujuy\/wp-content\/uploads\/2020\/06\/05.jpeg 447w, https:\/\/notinor.com\/jujuy\/wp-content\/uploads\/2020\/06\/05-378x365.jpeg 378w\" sizes=\"(max-width: 447px) 100vw, 447px\" \/><\/figure><\/li><li class=\"blocks-gallery-item\"><figure><img decoding=\"async\" loading=\"lazy\" width=\"720\" height=\"1280\" src=\"https:\/\/i1.wp.com\/notinor.com\/jujuy\/wp-content\/uploads\/2020\/06\/02.jpeg?fit=270%2C480&amp;ssl=1\" alt=\"\" data-id=\"243789\" data-link=\"https:\/\/notinor.com\/jujuy\/?attachment_id=243789\" class=\"wp-image-243789\" srcset=\"https:\/\/notinor.com\/jujuy\/wp-content\/uploads\/2020\/06\/02.jpeg 720w, https:\/\/notinor.com\/jujuy\/wp-content\/uploads\/2020\/06\/02-205x365.jpeg 205w, https:\/\/notinor.com\/jujuy\/wp-content\/uploads\/2020\/06\/02-270x480.jpeg 270w\" sizes=\"(max-width: 720px) 100vw, 720px\" \/><\/figure><\/li><li class=\"blocks-gallery-item\"><figure><img decoding=\"async\" loading=\"lazy\" width=\"432\" height=\"671\" src=\"https:\/\/i1.wp.com\/notinor.com\/jujuy\/wp-content\/uploads\/2020\/06\/04.jpeg?fit=309%2C480&amp;ssl=1\" alt=\"\" data-id=\"243790\" data-full-url=\"https:\/\/i1.wp.com\/notinor.com\/jujuy\/wp-content\/uploads\/2020\/06\/04.jpeg?fit=432%2C671&amp;ssl=1\" data-link=\"https:\/\/notinor.com\/jujuy\/?attachment_id=243790\" class=\"wp-image-243790\" srcset=\"https:\/\/notinor.com\/jujuy\/wp-content\/uploads\/2020\/06\/04.jpeg 432w, https:\/\/notinor.com\/jujuy\/wp-content\/uploads\/2020\/06\/04-235x365.jpeg 235w, https:\/\/notinor.com\/jujuy\/wp-content\/uploads\/2020\/06\/04-309x480.jpeg 309w\" sizes=\"(max-width: 432px) 100vw, 432px\" \/><\/figure><\/li><\/ul><\/figure>\n\n\n\n<figure class=\"is-layout-flex wp-block-gallery-3 wp-block-gallery columns-0 is-cropped\"><ul class=\"blocks-gallery-grid\"><\/ul><\/figure>\n\n\n\n<p>Mientras el mundo transcurre por una de las peores pandemias\nde la historia, y las instituciones se ven afectadas en su funcionamiento, las\norganizaciones sociales han dejado entrever, que su capacidad de resiliencia,\nsigue siendo identidad propia de la lucha popular.<\/p>\n\n\n\n<p>\u00c9ste es el caso de la \u201cEscuela Art\u00edstica Popular Ni\u00f1os\nP\u00e1jaros\u201d, un peque\u00f1o nidito, del sector B5 de Alto Comedero, que a modo de\ntrinchera cultural, viene siendo una experiencia de educaci\u00f3n popular, que no\nha parado durante \u00e9sta cuarentena.<\/p>\n\n\n\n<p>Mientras el COVID-19 nos obliga a distanciarnos y quedarnos\nen casa, la escuelita ha sabido seguir acercando su calor humano, contenci\u00f3n y acompa\u00f1amiento,\na cientos de ni\u00f1os de toda la provincia, encontrando en whatsapp, una\nherramienta pedag\u00f3gica - temporal, por la cual brindar sus talleres.<\/p>\n\n\n\n<p>El primer desafi\u00f3 a resolver, fue la brecha digital.<\/p>\n\n\n\n<p>Si bien son conscientes de que no todos cuentan con las\nmismas posibilidades de un dispositivo m\u00f3vil, con acceso a internet, buscaron\nsobrellevar la situaci\u00f3n, realizando un seguimiento de cada caso en particular.\n<\/p>\n\n\n\n<p>Saya, guitarra, manualidades y circo, son algunos de los\nmuchos talleres que ofrecen, desde hace varios a\u00f1os, de manera libre y\ngratuita; y desde hace m\u00e1s de un mes, bajo modalidad virtual, adaptada al\ncontexto actual.<\/p>\n\n\n\n<p>Por otro lado, sus docentes han aprendido y generando\ncontenido pedag\u00f3gico, acorde al formato elegido; ensa\u00f1ando mediante videos,\nim\u00e1genes, y textos; diferentes disciplinas que no dejan de pregonar, un arte\nliberador y transformador de realidades.<\/p>\n\n\n\n<p>El resguardo legal de lo que se produce en la dial\u00e9ctica\npedag\u00f3gica, tambi\u00e9n fue otro de los puntos fuertes a resolver, solucionado\nmediante el asesoramiento jur\u00eddico, para la protecci\u00f3n de la identidad de\nmenores.<\/p>\n\n\n\n<p>Si bien sabemos que nada compensa el encuentro humano, la\ncompa\u00f1\u00eda y el poder mirarnos cara a cara, la escuelita ha demostrado que con\namor, organizaci\u00f3n y nuevas formas de pensarse, es posible continuar ense\u00f1ando,\nhasta el tan ansiado reencuentro con el otro.\n\nLos que deseen conocer m\u00e1s m\u00e1s sobre \u00e9sta\nhistoria, tomar clases o colaborar, pueden comunicarse al 3885858448 - 3884969309,\na la fanpage \u201cEscuela Art\u00edstica Popular Ni\u00f1xs P\u00e1jarxs\u201d, o al instagram\n\u201cninxspajarxsjujuy\u201d.\n\n\n\n<\/p>\n","protected":false},"excerpt":{"rendered":"<p>Desde hace m\u00e1s de un mes, la Escuela Art\u00edstica Popular \u201cNi\u00f1os P\u00e1jaros\u201d, de Alto Comedero, ha sabido adaptarse y continuar con sus actividades, brindado talleres a cientos de ni\u00f1os de toda la provincia, bajo modalidad libre y gratuita, siendo una experiencia \u00fanica en todo Jujuy. Mientras el mundo transcurre por una de las peores pandemias [&hellip;]<\/p>\n","protected":false},"author":1,"featured_media":243788,"comment_status":"open","ping_status":"open","sticky":false,"template":"","format":"standard","meta":{"_stopmodifiedupdate":false,"_modified_date":"","inline_featured_image":false,"spay_email":"","jetpack_publicize_message":"\u00c9ste es el caso de la \u201cEscuela Art\u00edstica Popular Ni\u00f1os P\u00e1jaros\u201d, un peque\u00f1o nidito, del sector B5 de Alto Comedero, que a modo de trinchera cultural,"},"categories":[21],"tags":[],"jetpack_featured_media_url":"https:\/\/notinor.com\/jujuy\/wp-content\/uploads\/2020\/06\/05.jpeg","jetpack_publicize_connections":[],"_links":{"self":[{"href":"https:\/\/notinor.com\/jujuy\/wp-json\/wp\/v2\/posts\/243787"}],"collection":[{"href":"https:\/\/notinor.com\/jujuy\/wp-json\/wp\/v2\/posts"}],"about":[{"href":"https:\/\/notinor.com\/jujuy\/wp-json\/wp\/v2\/types\/post"}],"author":[{"embeddable":true,"href":"https:\/\/notinor.com\/jujuy\/wp-json\/wp\/v2\/users\/1"}],"replies":[{"embeddable":true,"href":"https:\/\/notinor.com\/jujuy\/wp-json\/wp\/v2\/comments?post=243787"}],"version-history":[{"count":1,"href":"https:\/\/notinor.com\/jujuy\/wp-json\/wp\/v2\/posts\/243787\/revisions"}],"predecessor-version":[{"id":243791,"href":"https:\/\/notinor.com\/jujuy\/wp-json\/wp\/v2\/posts\/243787\/revisions\/243791"}],"wp:featuredmedia":[{"embeddable":true,"href":"https:\/\/notinor.com\/jujuy\/wp-json\/wp\/v2\/media\/243788"}],"wp:attachment":[{"href":"https:\/\/notinor.com\/jujuy\/wp-json\/wp\/v2\/media?parent=243787"}],"wp:term":[{"taxonomy":"category","embeddable":true,"href":"https:\/\/notinor.com\/jujuy\/wp-json\/wp\/v2\/categories?post=243787"},{"taxonomy":"post_tag","embeddable":true,"href":"https:\/\/notinor.com\/jujuy\/wp-json\/wp\/v2\/tags?post=243787"}],"curies":[{"name":"wp","href":"https:\/\/api.w.org\/{rel}","templated":true}]}}