{"id":243773,"date":"2020-06-06T13:52:43","date_gmt":"2020-06-06T16:52:43","guid":{"rendered":"https:\/\/notinor.com\/jujuy\/?p=243773"},"modified":"2020-06-06T13:52:47","modified_gmt":"2020-06-06T16:52:47","slug":"gafas-de-sol-con-montura-negra-el-complemento-que-nunca-pasara-de-moda","status":"publish","type":"post","link":"https:\/\/notinor.com\/jujuy\/gafas-de-sol-con-montura-negra-el-complemento-que-nunca-pasara-de-moda\/","title":{"rendered":"Gafas de sol con montura negra, el complemento que nunca pasar\u00e1 de moda"},"content":{"rendered":"\n<p> Una de las mayores evidencias dentro del\u00a0terreno de la moda es la siguiente:\u00a0nada tiene mayor poder sobre un estilismo que un par de\u00a0gafas de sol.\u00a0Invertir en el modelo adecuado\u00a0es una apuesta ganadora, ya que puede convertirse en\u00a0tu\u00a0mejor aliado durante todo el a\u00f1o\u00a0(no solo son recomendables\u00a0en verano, las chicas que m\u00e1s saben de moda las llevan sin parar en todos los meses del a\u00f1o). Sin embargo, adem\u00e1s de los\u00a0dise\u00f1os de est\u00e9tica\u00a0retro,\u00a0\u00bfcuales son los modelos que de verdad importan, es<strong> <\/strong>decir,\u00a0los m\u00e1s atemporales y recurrentes? Los\u00a0modelos con montura de pasta negra\u00a0sin lugar a duda. El truco est\u00e1 en innovar en las formas, pero si quieres hacerte con un\u00a0accesorio de moda b\u00e1sico,\u00a0hazte con uno de estos modelos\u00a0que exponemos a continuaci\u00f3n: cuadradas, redondas, rectangulares o la \u00faltima en incorporarse a la categor\u00eda de cl\u00e1sicos,\u00a0la\u00a0fisonom\u00eda viral\u00a0cat eye. <\/p>\n\n\n\n<p> Gafas de sol con montura gruesa en pasta negra y anchas patillas, de\u00a0George Keburia. <\/p>\n\n\n\n<figure class=\"wp-block-image size-large\"><img decoding=\"async\" loading=\"lazy\" width=\"820\" height=\"600\" src=\"https:\/\/i1.wp.com\/notinor.com\/jujuy\/wp-content\/uploads\/2020\/06\/gafas-10a-a.jpg?fit=656%2C480&amp;ssl=1\" alt=\"\" class=\"wp-image-243775\" srcset=\"https:\/\/notinor.com\/jujuy\/wp-content\/uploads\/2020\/06\/gafas-10a-a.jpg 820w, https:\/\/notinor.com\/jujuy\/wp-content\/uploads\/2020\/06\/gafas-10a-a-499x365.jpg 499w, https:\/\/notinor.com\/jujuy\/wp-content\/uploads\/2020\/06\/gafas-10a-a-656x480.jpg 656w, https:\/\/notinor.com\/jujuy\/wp-content\/uploads\/2020\/06\/gafas-10a-a-768x562.jpg 768w\" sizes=\"(max-width: 820px) 100vw, 820px\" \/><\/figure>\n\n\n\n<p> Gafas de sol con montura redonda de pasta negra, de\u00a0Zara.<\/p>\n\n\n\n<figure class=\"wp-block-image size-large\"><img decoding=\"async\" loading=\"lazy\" width=\"820\" height=\"600\" src=\"https:\/\/i0.wp.com\/notinor.com\/jujuy\/wp-content\/uploads\/2020\/06\/gafas-8a-a.jpg?fit=656%2C480&amp;ssl=1\" alt=\"\" class=\"wp-image-243776\" srcset=\"https:\/\/notinor.com\/jujuy\/wp-content\/uploads\/2020\/06\/gafas-8a-a.jpg 820w, https:\/\/notinor.com\/jujuy\/wp-content\/uploads\/2020\/06\/gafas-8a-a-499x365.jpg 499w, https:\/\/notinor.com\/jujuy\/wp-content\/uploads\/2020\/06\/gafas-8a-a-656x480.jpg 656w, https:\/\/notinor.com\/jujuy\/wp-content\/uploads\/2020\/06\/gafas-8a-a-768x562.jpg 768w\" sizes=\"(max-width: 820px) 100vw, 820px\" \/><\/figure>\n\n\n\n<p>Gafas de sol\u00a0cat eye\u00a0muy estrechas ideales para rostros afilados, de\u00a0<strong>Bershka<\/strong>.<\/p>\n\n\n\n<figure class=\"wp-block-image size-large\"><img decoding=\"async\" loading=\"lazy\" width=\"820\" height=\"600\" src=\"https:\/\/i1.wp.com\/notinor.com\/jujuy\/wp-content\/uploads\/2020\/06\/gafas-7a-a.jpg?fit=656%2C480&amp;ssl=1\" alt=\"\" class=\"wp-image-243777\" srcset=\"https:\/\/notinor.com\/jujuy\/wp-content\/uploads\/2020\/06\/gafas-7a-a.jpg 820w, https:\/\/notinor.com\/jujuy\/wp-content\/uploads\/2020\/06\/gafas-7a-a-499x365.jpg 499w, https:\/\/notinor.com\/jujuy\/wp-content\/uploads\/2020\/06\/gafas-7a-a-656x480.jpg 656w, https:\/\/notinor.com\/jujuy\/wp-content\/uploads\/2020\/06\/gafas-7a-a-768x562.jpg 768w\" sizes=\"(max-width: 820px) 100vw, 820px\" \/><\/figure>\n\n\n\n<p>Y estas tendencias por lo que se sabe, no dejaran de pasar de moda.<\/p>\n","protected":false},"excerpt":{"rendered":"<p>Una de las mayores evidencias dentro del\u00a0terreno de la moda es la siguiente:\u00a0nada tiene mayor poder sobre un estilismo que un par de\u00a0gafas de sol.\u00a0Invertir en el modelo adecuado\u00a0es una apuesta ganadora, ya que puede convertirse en\u00a0tu\u00a0mejor aliado durante todo el a\u00f1o\u00a0(no solo son recomendables\u00a0en verano, las chicas que m\u00e1s saben de moda las llevan [&hellip;]<\/p>\n","protected":false},"author":1,"featured_media":243777,"comment_status":"open","ping_status":"open","sticky":false,"template":"","format":"standard","meta":{"_stopmodifiedupdate":false,"_modified_date":"","inline_featured_image":false,"spay_email":"","jetpack_publicize_message":""},"categories":[2],"tags":[],"jetpack_featured_media_url":"https:\/\/notinor.com\/jujuy\/wp-content\/uploads\/2020\/06\/gafas-7a-a.jpg","jetpack_publicize_connections":[],"_links":{"self":[{"href":"https:\/\/notinor.com\/jujuy\/wp-json\/wp\/v2\/posts\/243773"}],"collection":[{"href":"https:\/\/notinor.com\/jujuy\/wp-json\/wp\/v2\/posts"}],"about":[{"href":"https:\/\/notinor.com\/jujuy\/wp-json\/wp\/v2\/types\/post"}],"author":[{"embeddable":true,"href":"https:\/\/notinor.com\/jujuy\/wp-json\/wp\/v2\/users\/1"}],"replies":[{"embeddable":true,"href":"https:\/\/notinor.com\/jujuy\/wp-json\/wp\/v2\/comments?post=243773"}],"version-history":[{"count":1,"href":"https:\/\/notinor.com\/jujuy\/wp-json\/wp\/v2\/posts\/243773\/revisions"}],"predecessor-version":[{"id":243778,"href":"https:\/\/notinor.com\/jujuy\/wp-json\/wp\/v2\/posts\/243773\/revisions\/243778"}],"wp:featuredmedia":[{"embeddable":true,"href":"https:\/\/notinor.com\/jujuy\/wp-json\/wp\/v2\/media\/243777"}],"wp:attachment":[{"href":"https:\/\/notinor.com\/jujuy\/wp-json\/wp\/v2\/media?parent=243773"}],"wp:term":[{"taxonomy":"category","embeddable":true,"href":"https:\/\/notinor.com\/jujuy\/wp-json\/wp\/v2\/categories?post=243773"},{"taxonomy":"post_tag","embeddable":true,"href":"https:\/\/notinor.com\/jujuy\/wp-json\/wp\/v2\/tags?post=243773"}],"curies":[{"name":"wp","href":"https:\/\/api.w.org\/{rel}","templated":true}]}}