{"id":243658,"date":"2020-06-05T19:30:11","date_gmt":"2020-06-05T22:30:11","guid":{"rendered":"https:\/\/notinor.com\/jujuy\/?p=243658"},"modified":"2020-06-05T20:13:32","modified_gmt":"2020-06-05T23:13:32","slug":"el-mirador-de-las-serranias-del-hornocal-listo-para-ser-visitado-por-los-jujenos","status":"publish","type":"post","link":"https:\/\/notinor.com\/jujuy\/el-mirador-de-las-serranias-del-hornocal-listo-para-ser-visitado-por-los-jujenos\/","title":{"rendered":"El mirador de  las Serran\u00edas del Hornocal listo para ser visitado por los juje\u00f1os"},"content":{"rendered":"\n<p><\/p>\n\n\n\n<p><\/p>\n\n\n\n<p>Luego de varias semanas sin funcionamiento, este 6 de junio volver\u00e1n a reabrir el mirador de las Serran\u00edas del Hornocal para que los juje\u00f1os puedan acercarse y disfrutar de este gran atractivo bajo el plan tur\u00edstico&nbsp;\u201cJujuy para los juje\u00f1os\u201d.<\/p>\n\n\n\n<p>Si bien el turismo interno dio marcha hace dos semanas atr\u00e1s, desde la comunidad de El Hornocal hab\u00edan decidido mantener cerrado el espacio debido a que no contaban con las condiciones sanitarias necesarias para recibir turismo teniendo en cuenta la pandemia que atravesamos.<\/p>\n\n\n\n<p>Sin embargo, en las \u00faltimas horas confirmaron que este s\u00e1bado volver\u00e1n a abrir el populoso mirador en el horario de 10 a 16 horas. A partir de all\u00ed, los juje\u00f1os se podr\u00e1n acercar diariamente aunque la entrada tendr\u00e1 un costo de $50 por persona.<\/p>\n\n\n\n<div class=\"wp-block-image\"><figure class=\"aligncenter\"><img decoding=\"async\" src=\"https:\/\/imgs-akamai.mnstatic.com\/e0\/01\/e001b749622a432d2e3ae3c7cfe4e014.jpg?quality=75&amp;format=pjpg&amp;fit=bounds&amp;width=980&amp;height=880\" alt=\"El Hornocal en Humahuaca: 2 opiniones y 1 fotos\"\/><\/figure><\/div>\n\n\n\n<p>\u201cCon el tema de los protocolos se trabajar\u00e1 como lo dictamin\u00f3 el COE cumpliendo con el distanciamiento, uso de barbijo y de alcohol en gel\u201d, explic\u00f3&nbsp;Sonia Zapana comunera de la zona.<\/p>\n\n\n\n<p>Posteriormente, la referente tambi\u00e9n enfatiz\u00f3 que en esta oportunidad cambiaron el esquema de tarifas ya que cobrar\u00e1n \u201cpor persona $50 y los ni\u00f1os menores de 10 a\u00f1os no pagar\u00e1n entrada\u201d, agreg\u00f3.<\/p>\n\n\n\n<figure class=\"wp-block-image size-large\"><img decoding=\"async\" loading=\"lazy\" width=\"1140\" height=\"1144\" src=\"https:\/\/i1.wp.com\/notinor.com\/jujuy\/wp-content\/uploads\/2020\/06\/hornocal2.jpeg?fit=478%2C480&amp;ssl=1\" alt=\"\" class=\"wp-image-243674\" srcset=\"https:\/\/notinor.com\/jujuy\/wp-content\/uploads\/2020\/06\/hornocal2.jpeg 1140w, https:\/\/notinor.com\/jujuy\/wp-content\/uploads\/2020\/06\/hornocal2-364x365.jpeg 364w, https:\/\/notinor.com\/jujuy\/wp-content\/uploads\/2020\/06\/hornocal2-478x480.jpeg 478w, https:\/\/notinor.com\/jujuy\/wp-content\/uploads\/2020\/06\/hornocal2-768x771.jpeg 768w, https:\/\/notinor.com\/jujuy\/wp-content\/uploads\/2020\/06\/hornocal2-100x100.jpeg 100w\" sizes=\"(max-width: 1140px) 100vw, 1140px\" \/><\/figure>\n\n\n\n<p>\u201cEs una modificaci\u00f3n a como se trabaja antes\u201d, detall\u00f3 Zapana teniendo en cuenta que antes de la pandemia el cobro se hac\u00eda por veh\u00edculo que ingresaba al mirador y no por cada turista.<\/p>\n\n\n\n<p>Antes de finalizar, la comunera quiso destacar que todo aquel juje\u00f1o que ingrese a las Serran\u00edas tendr\u00e1 un&nbsp;tiempo de permanencia de 30 minutos, \u201crecomendamos que lleguen, tomen una fotograf\u00eda y regresen a los veh\u00edculos, no se sugiere caminatas fuera del mirador\u201d, puntualiz\u00f3.<\/p>\n","protected":false},"excerpt":{"rendered":"<p>Luego de varias semanas sin funcionamiento, este 6 de junio volver\u00e1n a reabrir el mirador de las Serran\u00edas del Hornocal para que los juje\u00f1os puedan acercarse y disfrutar de este gran atractivo bajo el plan tur\u00edstico&nbsp;\u201cJujuy para los juje\u00f1os\u201d. Si bien el turismo interno dio marcha hace dos semanas atr\u00e1s, desde la comunidad de El [&hellip;]<\/p>\n","protected":false},"author":1,"featured_media":243659,"comment_status":"open","ping_status":"open","sticky":false,"template":"","format":"standard","meta":{"_stopmodifiedupdate":false,"_modified_date":"","inline_featured_image":false,"spay_email":"","jetpack_publicize_message":"El paseo quebrade\u00f1o estar\u00e1 habilitado de 10 a 16 desde este s\u00e1bado. Cada visitante que desee ingresar deber\u00e1 abonar $50.\n#jujuy "},"categories":[2],"tags":[],"jetpack_featured_media_url":"https:\/\/notinor.com\/jujuy\/wp-content\/uploads\/2020\/06\/hornocal.jpg","jetpack_publicize_connections":[],"_links":{"self":[{"href":"https:\/\/notinor.com\/jujuy\/wp-json\/wp\/v2\/posts\/243658"}],"collection":[{"href":"https:\/\/notinor.com\/jujuy\/wp-json\/wp\/v2\/posts"}],"about":[{"href":"https:\/\/notinor.com\/jujuy\/wp-json\/wp\/v2\/types\/post"}],"author":[{"embeddable":true,"href":"https:\/\/notinor.com\/jujuy\/wp-json\/wp\/v2\/users\/1"}],"replies":[{"embeddable":true,"href":"https:\/\/notinor.com\/jujuy\/wp-json\/wp\/v2\/comments?post=243658"}],"version-history":[{"count":3,"href":"https:\/\/notinor.com\/jujuy\/wp-json\/wp\/v2\/posts\/243658\/revisions"}],"predecessor-version":[{"id":243675,"href":"https:\/\/notinor.com\/jujuy\/wp-json\/wp\/v2\/posts\/243658\/revisions\/243675"}],"wp:featuredmedia":[{"embeddable":true,"href":"https:\/\/notinor.com\/jujuy\/wp-json\/wp\/v2\/media\/243659"}],"wp:attachment":[{"href":"https:\/\/notinor.com\/jujuy\/wp-json\/wp\/v2\/media?parent=243658"}],"wp:term":[{"taxonomy":"category","embeddable":true,"href":"https:\/\/notinor.com\/jujuy\/wp-json\/wp\/v2\/categories?post=243658"},{"taxonomy":"post_tag","embeddable":true,"href":"https:\/\/notinor.com\/jujuy\/wp-json\/wp\/v2\/tags?post=243658"}],"curies":[{"name":"wp","href":"https:\/\/api.w.org\/{rel}","templated":true}]}}