{"id":243648,"date":"2020-06-05T19:09:32","date_gmt":"2020-06-05T22:09:32","guid":{"rendered":"https:\/\/notinor.com\/jujuy\/?p=243648"},"modified":"2020-06-05T19:09:37","modified_gmt":"2020-06-05T22:09:37","slug":"por-que-nos-cortamos-mas-el-pelo-a-medida-que-nos-hacemos-mayores","status":"publish","type":"post","link":"https:\/\/notinor.com\/jujuy\/por-que-nos-cortamos-mas-el-pelo-a-medida-que-nos-hacemos-mayores\/","title":{"rendered":"\u00bfPor qu\u00e9 nos cortamos m\u00e1s el pelo a medida que nos hacemos mayores?"},"content":{"rendered":"\n<p>Son muchas las mujeres que, cuando van cumpliendo a\u00f1os, deciden recortar la longitud de su melena: los expertos nos explican la raz\u00f3n.<\/p>\n\n\n\n<figure class=\"wp-block-image size-large\"><img decoding=\"async\" loading=\"lazy\" width=\"800\" height=\"480\" src=\"https:\/\/notinor.com\/jujuy\/wp-content\/uploads\/2020\/06\/charlize-theron-t-800x480.jpg\" alt=\"\" class=\"wp-image-243652\" srcset=\"https:\/\/notinor.com\/jujuy\/wp-content\/uploads\/2020\/06\/charlize-theron-t-800x480.jpg 800w, https:\/\/notinor.com\/jujuy\/wp-content\/uploads\/2020\/06\/charlize-theron-t-608x365.jpg 608w, https:\/\/notinor.com\/jujuy\/wp-content\/uploads\/2020\/06\/charlize-theron-t-768x461.jpg 768w, https:\/\/notinor.com\/jujuy\/wp-content\/uploads\/2020\/06\/charlize-theron-t.jpg 1240w\" sizes=\"(max-width: 800px) 100vw, 800px\" \/><\/figure>\n\n\n\n<p> Es un hecho que muchas mujeres van recortando la longitud de su melena a medida que cumplen a\u00f1os, diciendo adi\u00f3s a las largas melenas tan propias de la juventud\u201d, nos cuenta\u00a0la estilista Alma Luz\u00f3n.<\/p>\n\n\n\n<p> \u00a0<strong>\u00a0<\/strong>Un corte m\u00e1gico o unas mechas estrat\u00e9gicas: los peluqueros revelan qu\u00e9 resta m\u00e1s a\u00f1os<\/p>\n\n\n\n<p>\u201cA medida que vamos cerrando etapas con la edad, y llega un cambio en nuestra vida,\u00a0solemos recurrir a los cambios f\u00edsicos para empezar la nueva etapa\u00a0como una experiencia nueva tanto en lo f\u00edsico como en lo ps\u00edquico\u201d, explica Alma Luz\u00f3n sobre\u00a0una de las razones m\u00e1s comunes a la hora de cambiar de look, el inicio de un nuevo periodo.\u00a0Adem\u00e1s precisa que, adem\u00e1s, \u201ccuando vamos cumpliendo a\u00f1os vamos sufriendo la debilidad del cabello y esto nos afecta a la autoestima y por eso aceptamos lo que nos va pidiendo nuestro cabello para que permanezca con volumen y brillo\u201d.<\/p>\n\n\n\n<figure class=\"wp-block-image size-large\"><img decoding=\"async\" loading=\"lazy\" width=\"564\" height=\"457\" src=\"https:\/\/notinor.com\/jujuy\/wp-content\/uploads\/2020\/06\/44b90d8ac83c43a242a2bf9cda43fb1d.jpg\" alt=\"\" class=\"wp-image-243653\" srcset=\"https:\/\/notinor.com\/jujuy\/wp-content\/uploads\/2020\/06\/44b90d8ac83c43a242a2bf9cda43fb1d.jpg 564w, https:\/\/notinor.com\/jujuy\/wp-content\/uploads\/2020\/06\/44b90d8ac83c43a242a2bf9cda43fb1d-450x365.jpg 450w\" sizes=\"(max-width: 564px) 100vw, 564px\" \/><\/figure>\n\n\n\n<p>Qu\u00e9 nos lleva a tomar esta decisi\u00f3n? \u201cHay un\u00a0motivo principal por el que la mayor\u00eda de las mujeres recortan su melena a partir de cierta edad:\u00a0el cabello, como la piel, tambi\u00e9n envejece, se afina y debilita, y una melena extra larga de aspecto pobre no es la mejor de las compa\u00f1eras. Adem\u00e1s, una melena larga se asocia generalmente con una mujer joven\u201d, cuenta el estilista Eduardo S\u00e1nchez. Pero hay m\u00e1s motivos. \u201cUno de ellos es la despigmentaci\u00f3n del cabello o lo que conocemos popularmente como la aparici\u00f3n de las canas muchas mujeres siguen viendo el pelo gris como sin\u00f3nimo de vejez y huyen de ellas, un cabello corto con canas les resulta m\u00e1s f\u00e1cil de manejar y disimular. Por otro lado, el cabello tiende a cambiar de textura, se vuelve m\u00e1s r\u00edgido, seco... al deteriorarse la gl\u00e1ndula seb\u00e1cea del cabello, la lubricaci\u00f3n es menor y, por lo tanto, la vitalidad y apariencia del cabello no luce joven y brillante\u201d, nos cuenta el director de Santum.<\/p>\n\n\n\n<p>\u201cCada d\u00eda vemos en el sal\u00f3n cabellos diferentes, pero hablando con generalidad no podemos obviar la diferencia que existe entre el cabello de una persona joven y uno de una mujer m\u00e1s mayor. En el segundo caso notamos un debilitamiento del cabello, esto sucede por el paso de los a\u00f1os,\u00a0el pelo pierde fuerza y las fibras del cabello se hacen m\u00e1s peque\u00f1as y se van debilitando poco a poco haciendo que este se rompa con facilidad\", nos cuenta Marina Mor\u00e1n, directora de Naturalmente Spa Per Capelli Reus. \u201cEs cierto que el cabello corto en muchas mujeres ya no es su \u00fanica opci\u00f3n, ahora apostamos por\u00a0melenas\u00a0<em>midi<\/em>, cortes\u00a0<em>bob<\/em>... son estilos que tienen un\u00a0largo\u00a0perfecto, f\u00e1cil de manejar, vers\u00e1tiles y con ese efecto de frescura que consigue\u00a0dulcificar el rostro y restar a\u00f1os\u201d<\/p>\n\n\n\n<figure class=\"wp-block-image size-large\"><img decoding=\"async\" loading=\"lazy\" width=\"563\" height=\"423\" src=\"https:\/\/notinor.com\/jujuy\/wp-content\/uploads\/2020\/06\/87d9644a4c0303d1446bb84df7fa2a94.jpg\" alt=\"\" class=\"wp-image-243654\" srcset=\"https:\/\/notinor.com\/jujuy\/wp-content\/uploads\/2020\/06\/87d9644a4c0303d1446bb84df7fa2a94.jpg 563w, https:\/\/notinor.com\/jujuy\/wp-content\/uploads\/2020\/06\/87d9644a4c0303d1446bb84df7fa2a94-486x365.jpg 486w\" sizes=\"(max-width: 563px) 100vw, 563px\" \/><\/figure>\n\n\n\n<p> \u00bfEl color tambi\u00e9n influye?\u00a0\u201cEn general, debe ser m\u00e1s claro porque es cuando nuestra piel empieza a mostrar los signos de las l\u00edneas de expresi\u00f3n y comenzar a suavizar con reflejos y mechas puede ser un gran acierto. Jugar con luces y sombras hoy llamado\u00a0<em>contouring<\/em>\u00a0es una buena idea\u201d, nos cuenta el peluquero. \u00bfY en el caso concreto de los pelos rizados? El estilista recomienda cortes que tienen que ver con bases rectas y degradados ligeros y sutiles para dejar peso en la parte superior y crear bonitas armon\u00edas. Cortes que empiecen a trabajarse a la altura de los hombros. <\/p>\n","protected":false},"excerpt":{"rendered":"<p>Son muchas las mujeres que, cuando van cumpliendo a\u00f1os, deciden recortar la longitud de su melena: los expertos nos explican la raz\u00f3n. Es un hecho que muchas mujeres van recortando la longitud de su melena a medida que cumplen a\u00f1os, diciendo adi\u00f3s a las largas melenas tan propias de la juventud\u201d, nos cuenta\u00a0la estilista Alma [&hellip;]<\/p>\n","protected":false},"author":1,"featured_media":243652,"comment_status":"open","ping_status":"open","sticky":false,"template":"","format":"standard","meta":{"_stopmodifiedupdate":false,"_modified_date":"","inline_featured_image":false,"spay_email":"","jetpack_publicize_message":""},"categories":[828],"tags":[],"jetpack_featured_media_url":"https:\/\/notinor.com\/jujuy\/wp-content\/uploads\/2020\/06\/charlize-theron-t.jpg","jetpack_publicize_connections":[],"_links":{"self":[{"href":"https:\/\/notinor.com\/jujuy\/wp-json\/wp\/v2\/posts\/243648"}],"collection":[{"href":"https:\/\/notinor.com\/jujuy\/wp-json\/wp\/v2\/posts"}],"about":[{"href":"https:\/\/notinor.com\/jujuy\/wp-json\/wp\/v2\/types\/post"}],"author":[{"embeddable":true,"href":"https:\/\/notinor.com\/jujuy\/wp-json\/wp\/v2\/users\/1"}],"replies":[{"embeddable":true,"href":"https:\/\/notinor.com\/jujuy\/wp-json\/wp\/v2\/comments?post=243648"}],"version-history":[{"count":1,"href":"https:\/\/notinor.com\/jujuy\/wp-json\/wp\/v2\/posts\/243648\/revisions"}],"predecessor-version":[{"id":243655,"href":"https:\/\/notinor.com\/jujuy\/wp-json\/wp\/v2\/posts\/243648\/revisions\/243655"}],"wp:featuredmedia":[{"embeddable":true,"href":"https:\/\/notinor.com\/jujuy\/wp-json\/wp\/v2\/media\/243652"}],"wp:attachment":[{"href":"https:\/\/notinor.com\/jujuy\/wp-json\/wp\/v2\/media?parent=243648"}],"wp:term":[{"taxonomy":"category","embeddable":true,"href":"https:\/\/notinor.com\/jujuy\/wp-json\/wp\/v2\/categories?post=243648"},{"taxonomy":"post_tag","embeddable":true,"href":"https:\/\/notinor.com\/jujuy\/wp-json\/wp\/v2\/tags?post=243648"}],"curies":[{"name":"wp","href":"https:\/\/api.w.org\/{rel}","templated":true}]}}