{"id":243636,"date":"2020-06-05T17:51:03","date_gmt":"2020-06-05T20:51:03","guid":{"rendered":"https:\/\/notinor.com\/jujuy\/?p=243636"},"modified":"2020-06-05T17:51:08","modified_gmt":"2020-06-05T20:51:08","slug":"asi-es-el-doctor-baden-el-forense-de-floyd-tambien-investigo-la-muerte-de-jfk-y-luther-king","status":"publish","type":"post","link":"https:\/\/notinor.com\/jujuy\/asi-es-el-doctor-baden-el-forense-de-floyd-tambien-investigo-la-muerte-de-jfk-y-luther-king\/","title":{"rendered":"As\u00ed es el doctor Baden: el forense de Floyd tambi\u00e9n investig\u00f3 la muerte de JFK y Luther King"},"content":{"rendered":"\n<p>Michael Baden, conocido como el forense de las celebrities, lleva m\u00e1s de 20.000 autopsias a sus espaldas y su nombre es habitual en la cr\u00f3nica negra de EEUU.\u00a0<\/p>\n\n\n\n<figure class=\"wp-block-image\"><img decoding=\"async\" src=\"https:\/\/s1.eestatic.com\/2020\/06\/03\/mundo\/america\/eeuu\/George_Floyd-Autopsias-Ciencia_forense-Racismo-Donald_Trump-EEUU_494962464_153110124_1024x576.jpg\" alt=\"Martin Luther King, John F. Kennedy, George Floyd y el forense Michael Baden\"\/><\/figure>\n\n\n\n<p>El magnicidio de John Fitzgerald Kennedy, el asesinato de Martin Luther King, el caso O.J. Simpson, el suicidio de Jeffrey Epstein o la muerte del adolescente afroamericano Michael Brown a manos de un polic\u00eda.&nbsp;<strong>Muertes que cambiaron la historia de EEUU<\/strong>&nbsp;y dispararon decenas teor\u00edas de la conspiraci\u00f3n. Todas con un nombre propio en com\u00fan: el doctor&nbsp;<strong>Michael Baden<\/strong>&nbsp;(Nueva York, 1934) particip\u00f3 de alguna forma en la b\u00fasqueda de una verdad m\u00e1s all\u00e1 de la versi\u00f3n oficial.<\/p>\n\n\n\n<p>A sus 86 a\u00f1os, Baden estima que ha llevado a cabo m\u00e1s de&nbsp;<strong>20.000 autopsias<\/strong>. Apodado el forense de las&nbsp;<em>celebrities<\/em>, su nombre ha vuelto a la primera plana esta semana de&nbsp;<a href=\"https:\/\/www.elespanol.com\/mundo\/america\/eeuu\/20200603\/george-floyd-minutos-agonia-dias-rabia\/494701755_0.html\">rabia y tensi\u00f3n racial en las calles de EEUU<\/a>. Los abogados de la familia de George Floyd ficharon al c\u00e9lebre forense para realizar una&nbsp;<a href=\"https:\/\/www.elespanol.com\/mundo\/20200602\/muerte-george-floyd-homicidio-autopsias\/494700915_0.html\">segunda autopsia&nbsp;<\/a>independiente que contradice la versi\u00f3n oficial.<\/p>\n\n\n\n<p><strong>Homicidio por asfixia<\/strong>&nbsp;es la causa de la muerte seg\u00fan ese nuevo informe forense, que apunta directamente como responsable al agente Derek Chauvin, que ya est\u00e1 detenido e imputado en el caso. El examen del cad\u00e1ver corrobora la brutal imagen de la rodilla del polic\u00eda aplastando el cuello de Floyd durante ocho largos minutos. La presi\u00f3n de otros agentes sobre su cuerpo para inmovilizarlo cort\u00f3 el flujo de ox\u00edgeno a su cerebro y le caus\u00f3 en \u00faltima instancia la muerte, que fue certificada minutos despu\u00e9s en el hospital.<\/p>\n\n\n\n<p>La agon\u00eda de Floyd, retransmitida en directo y multiplicada en las redes sociales, es el \u00faltimo episodio de la brutalidad policial contra la poblaci\u00f3n negra de EEUU. S\u00f3lo desde 2015, m\u00e1s 1.200 afroamericanos han muerto a manos de la polic\u00eda en tiroteos o detenciones donde los agentes se extralimitaron en el uso leg\u00edtimo de la fuerza.&nbsp;<\/p>\n\n\n\n<p>El doctor Baden, criado en el Bronx de Nueva York, ha sido un activo militante de la causa #Blacklivesmatter. Antes de ser reclutado por la familia de Floyd, particip\u00f3 en otros\u00a0<strong>sonados casos de violencia policial<\/strong>\u00a0que despertaron conciencias e incendiaron las calles de Estados Unidos.<\/p>\n\n\n\n<figure class=\"wp-block-image\"><img decoding=\"async\" src=\"https:\/\/k.uecdn.es\/html5\/html5lib\/v2.73.3_ue_1\/modules\/KalturaSupport\/thumbnail.php\/p\/110\/uiconf_id\/14969339\/entry_id\/0_2hhgh1xi\/height\/407?\" alt=\"NBA: La polic\u00eda mata al &quot;gemelo&quot; de un exNBA y LeBron James ...\"\/><\/figure>\n\n\n\n<h3>Cara medi\u00e1tica<\/h3>\n\n\n\n<p>Destaca el caso de&nbsp;<strong>Michael Brown<\/strong>, el joven negro que muri\u00f3 a tiros en Ferguson, Misuri, en 2014. Brown, que iba desarmado, protagoniz\u00f3 un forcejeo con un agente de la polic\u00eda que termin\u00f3 con su muerte. El polic\u00eda aleg\u00f3 que el arma se le dispar\u00f3 durante la trifulca pero la autopsia privada dirigida por Baden revelaba que el cuerpo del chaval de 18 a\u00f1os recibi\u00f3 hasta seis disparos de bala, dos de ellos en el cr\u00e1neo. La muerte de Brown, que iba a ser detenido por un presunto robo en una tienda, desemboc\u00f3 en varias noches de protestas y disturbios en las afueras de Saint Luis.&nbsp;<\/p>\n\n\n\n<p>Otro de los casos estrella de este forense asiduo comentarista de Fox News y habitual cara de los documentales de cr\u00edmenes en HBO es la muerte de&nbsp;<strong>Jeffrey Epstein<\/strong>. El depredador sexual de la \u00e9lite apareci\u00f3 ahorcado en su celda meses despu\u00e9s de ser condenado por tr\u00e1fico de menores en 2019. Un suicidio de manual hasta que las conspiraciones lo inundaron todo y el doctor Baden entr\u00f3 en escena.<\/p>\n\n\n\n<p>\u201cLas pruebas apuntan a un homicidio m\u00e1s que a un suicidio\u201d, dedujo en programas y portadas tras un nuevo examen forense a instancias de los familiares de Epstein. Seg\u00fan su investigaci\u00f3n, las lesiones que aparecieron en el cad\u00e1ver del poderoso millonario, incluida una rotura del hioides en el cuello, eran \u201cmuy poco habituales en los casos de suicidio\u201d.&nbsp;<\/p>\n\n\n\n<p>Esta revelaci\u00f3n, en un pa\u00eds con tanta&nbsp;<strong>apetencia por las conspiraciones<\/strong>&nbsp;y las teor\u00edas alternativas, no hizo m\u00e1s que engrandecer la leyenda del doctor Baden como un forense medi\u00e1tico empe\u00f1ado en buscar la verdad caiga quien caiga.&nbsp;<\/p>\n\n\n\n<p>\u201cNo hay una c\u00e1mara de televisi\u00f3n que no le guste\u201d, resume el doctor Lowel Levine sobre Baden en el Washington Post. Compa\u00f1eros de profesi\u00f3n y crimin\u00f3logos reconocen en privado la gran afici\u00f3n del forense de las celebrities por los medios de comunicaci\u00f3n y su poder de influencia:&nbsp;<strong>\u201cSabe muy bien c\u00f3mo dar un buen titular\u201d<\/strong>.<\/p>\n\n\n\n<p>La carrera medi\u00e1tica del doctor Baden no es nueva. Siempre ha estado ah\u00ed cuando se hablaba de muertes impactantes e imprevisibles. En 1977, el Congreso de EEUU puso en marcha una comisi\u00f3n para revisar la verdad oficial de los asesinato de&nbsp;<strong>JFK y Martin Luther King<\/strong>&nbsp;y encarg\u00f3 a Baden la misi\u00f3n de liderar el equipo forense.<\/p>\n\n\n\n<p>En sus memorias, critic\u00f3 que los forenses encargados de examinar por primera vez el cuerpo del presidente dem\u00f3crata no ten\u00edan experiencia en autopsias con heridas de bala. Sin embargo, sus investigaciones para el Congreso le condujeron a la misma conclusi\u00f3n que la versi\u00f3n oficial: Lee Harvey Oswald actu\u00f3 solo y no hubo un segundo implicado en el magnicidio.<\/p>\n\n\n\n<p>De igual manera, tras revisitar el caso de Luther King, Baden concluy\u00f3 que&nbsp;<strong>no hab\u00eda lugar a las conspiraciones<\/strong>: James Earl Ray fue el \u00fanico responsable del asesinato del legendario defensor de los derechos de los afroamericanos.&nbsp;<\/p>\n\n\n\n<p>Las investigaciones sobre JFK y Luther King elevaron la reputaci\u00f3n de Baden, que d\u00e9cadas despu\u00e9s cambi\u00f3 el rigor del Congreso por juicio m\u00e1s medi\u00e1tico de la historia reciente de EEUU. Contratado por la defensa del c\u00e9lebre&nbsp;<strong>O.J. Simpson<\/strong>, Baden desaf\u00edo la versi\u00f3n de los fiscales de la acusaci\u00f3n sobre la muerte de Nicole Brown y Ronald Goodman y puso en cuesti\u00f3n la veracidad de los hallazgos forenses en el lugar del crimen.&nbsp;&nbsp;<\/p>\n\n\n\n<p>Su participaci\u00f3n en el juicio al exjugador de f\u00fatbol americano le termin\u00f3 de poner en el mapa medi\u00e1tico a finales de los 90. Desde ese momento, su nombre ha sido una constante en la cr\u00f3nica de sucesos estadounidense. Siempre guiado por \"el misterio, la emoci\u00f3n del descubrimiento y el rigor de la investigaci\u00f3n\", como dice en sus memorias, el doctor Baden tiene una m\u00e1xima que le define bien como a un personaje digno de novela negra: \"La especulaci\u00f3n no termina ni cuando se ha terminado una autopsia\".<\/p>\n","protected":false},"excerpt":{"rendered":"<p>Michael Baden, conocido como el forense de las celebrities, lleva m\u00e1s de 20.000 autopsias a sus espaldas y su nombre es habitual en la cr\u00f3nica negra de EEUU.\u00a0 El magnicidio de John Fitzgerald Kennedy, el asesinato de Martin Luther King, el caso O.J. Simpson, el suicidio de Jeffrey Epstein o la muerte del adolescente afroamericano [&hellip;]<\/p>\n","protected":false},"author":40,"featured_media":243640,"comment_status":"open","ping_status":"open","sticky":false,"template":"","format":"standard","meta":{"_stopmodifiedupdate":false,"_modified_date":"","inline_featured_image":false,"spay_email":"","jetpack_publicize_message":""},"categories":[17,13],"tags":[],"jetpack_featured_media_url":"https:\/\/notinor.com\/jujuy\/wp-content\/uploads\/2020\/06\/George_Floyd-Autopsias-Ciencia_forense-Racismo-Donald_Trump-EEUU_494962464_153110123_1706x960.jpg","jetpack_publicize_connections":[],"_links":{"self":[{"href":"https:\/\/notinor.com\/jujuy\/wp-json\/wp\/v2\/posts\/243636"}],"collection":[{"href":"https:\/\/notinor.com\/jujuy\/wp-json\/wp\/v2\/posts"}],"about":[{"href":"https:\/\/notinor.com\/jujuy\/wp-json\/wp\/v2\/types\/post"}],"author":[{"embeddable":true,"href":"https:\/\/notinor.com\/jujuy\/wp-json\/wp\/v2\/users\/40"}],"replies":[{"embeddable":true,"href":"https:\/\/notinor.com\/jujuy\/wp-json\/wp\/v2\/comments?post=243636"}],"version-history":[{"count":1,"href":"https:\/\/notinor.com\/jujuy\/wp-json\/wp\/v2\/posts\/243636\/revisions"}],"predecessor-version":[{"id":243641,"href":"https:\/\/notinor.com\/jujuy\/wp-json\/wp\/v2\/posts\/243636\/revisions\/243641"}],"wp:featuredmedia":[{"embeddable":true,"href":"https:\/\/notinor.com\/jujuy\/wp-json\/wp\/v2\/media\/243640"}],"wp:attachment":[{"href":"https:\/\/notinor.com\/jujuy\/wp-json\/wp\/v2\/media?parent=243636"}],"wp:term":[{"taxonomy":"category","embeddable":true,"href":"https:\/\/notinor.com\/jujuy\/wp-json\/wp\/v2\/categories?post=243636"},{"taxonomy":"post_tag","embeddable":true,"href":"https:\/\/notinor.com\/jujuy\/wp-json\/wp\/v2\/tags?post=243636"}],"curies":[{"name":"wp","href":"https:\/\/api.w.org\/{rel}","templated":true}]}}