{"id":243635,"date":"2020-06-05T17:47:32","date_gmt":"2020-06-05T20:47:32","guid":{"rendered":"https:\/\/notinor.com\/jujuy\/?p=243635"},"modified":"2020-06-05T17:47:36","modified_gmt":"2020-06-05T20:47:36","slug":"camaras-de-seguridad-en-monterrico-%f0%9f%91%8f","status":"publish","type":"post","link":"https:\/\/notinor.com\/jujuy\/camaras-de-seguridad-en-monterrico-%f0%9f%91%8f\/","title":{"rendered":"Camaras de seguridad en Monterrico \ud83d\udc4f"},"content":{"rendered":"\n<p>Monterrico, 6 de Junio de 2020.<\/p>\n\n\n\n<p> CAMARAS DE SEGURIDAD EN MONTERRICO. <\/p>\n\n\n\n<p> A partir del d\u00eda de la fecha, las oficinas del Registro civil de la ciudad de Monterrico, y gracias a los Concejales Norma Cruz, Ezequiel Guerrero, Miguel Consulti   y Alejandro Cayon se realiz\u00f3 la donaci\u00f3n y colocaci\u00f3n de cinco C\u00e1maras de seguridad, luego de haber sufrido d\u00edas atr\u00e1s, un robo dejando sin elementos de trabajo, provocando un serio perjuicio en el normal desarrollo de las actividades.  Por su parte la Encargada del Registro civil Sta. Anal\u00eda Calisaya, agradeci\u00f3 la donaci\u00f3n a los ediles por tan valiosa colaboraci\u00f3n, resguardando as\u00ed, la seguridad no solo del Registro civil sino tambi\u00e9n las oficinas de La Casa de la Cultura y Biblioteca Municipal.<\/p>\n\n\n\n<figure class=\"wp-block-image size-large\"><img decoding=\"async\" loading=\"lazy\" width=\"480\" height=\"271\" src=\"https:\/\/notinor.com\/jujuy\/wp-content\/uploads\/2020\/06\/WhatsApp-Image-2020-06-05-at-5.39.47-PM.jpeg\" alt=\"\" class=\"wp-image-243637\"\/><\/figure>\n\n\n\n<figure class=\"wp-block-image size-large\"><img decoding=\"async\" loading=\"lazy\" width=\"480\" height=\"360\" src=\"https:\/\/notinor.com\/jujuy\/wp-content\/uploads\/2020\/06\/WhatsApp-Image-2020-06-05-at-5.39.46-PM.jpeg\" alt=\"\" class=\"wp-image-243638\"\/><\/figure>\n","protected":false},"excerpt":{"rendered":"<p>Monterrico, 6 de Junio de 2020. CAMARAS DE SEGURIDAD EN MONTERRICO. A partir del d\u00eda de la fecha, las oficinas del Registro civil de la ciudad de Monterrico, y gracias a los Concejales Norma Cruz, Ezequiel Guerrero, Miguel Consulti y Alejandro Cayon se realiz\u00f3 la donaci\u00f3n y colocaci\u00f3n de cinco C\u00e1maras de seguridad, luego de [&hellip;]<\/p>\n","protected":false},"author":1,"featured_media":243637,"comment_status":"open","ping_status":"open","sticky":false,"template":"","format":"standard","meta":{"_stopmodifiedupdate":false,"_modified_date":"","inline_featured_image":false,"spay_email":"","jetpack_publicize_message":""},"categories":[4],"tags":[],"jetpack_featured_media_url":"https:\/\/notinor.com\/jujuy\/wp-content\/uploads\/2020\/06\/WhatsApp-Image-2020-06-05-at-5.39.47-PM.jpeg","jetpack_publicize_connections":[],"_links":{"self":[{"href":"https:\/\/notinor.com\/jujuy\/wp-json\/wp\/v2\/posts\/243635"}],"collection":[{"href":"https:\/\/notinor.com\/jujuy\/wp-json\/wp\/v2\/posts"}],"about":[{"href":"https:\/\/notinor.com\/jujuy\/wp-json\/wp\/v2\/types\/post"}],"author":[{"embeddable":true,"href":"https:\/\/notinor.com\/jujuy\/wp-json\/wp\/v2\/users\/1"}],"replies":[{"embeddable":true,"href":"https:\/\/notinor.com\/jujuy\/wp-json\/wp\/v2\/comments?post=243635"}],"version-history":[{"count":1,"href":"https:\/\/notinor.com\/jujuy\/wp-json\/wp\/v2\/posts\/243635\/revisions"}],"predecessor-version":[{"id":243639,"href":"https:\/\/notinor.com\/jujuy\/wp-json\/wp\/v2\/posts\/243635\/revisions\/243639"}],"wp:featuredmedia":[{"embeddable":true,"href":"https:\/\/notinor.com\/jujuy\/wp-json\/wp\/v2\/media\/243637"}],"wp:attachment":[{"href":"https:\/\/notinor.com\/jujuy\/wp-json\/wp\/v2\/media?parent=243635"}],"wp:term":[{"taxonomy":"category","embeddable":true,"href":"https:\/\/notinor.com\/jujuy\/wp-json\/wp\/v2\/categories?post=243635"},{"taxonomy":"post_tag","embeddable":true,"href":"https:\/\/notinor.com\/jujuy\/wp-json\/wp\/v2\/tags?post=243635"}],"curies":[{"name":"wp","href":"https:\/\/api.w.org\/{rel}","templated":true}]}}