{"id":243629,"date":"2020-06-05T17:28:57","date_gmt":"2020-06-05T20:28:57","guid":{"rendered":"https:\/\/notinor.com\/jujuy\/?p=243629"},"modified":"2020-06-05T17:29:01","modified_gmt":"2020-06-05T20:29:01","slug":"10-actores-que-murieron-poco-despues-de-rodar-una-pelicula-de-terror","status":"publish","type":"post","link":"https:\/\/notinor.com\/jujuy\/10-actores-que-murieron-poco-despues-de-rodar-una-pelicula-de-terror\/","title":{"rendered":"10 actores que murieron poco despu\u00e9s de rodar una pel\u00edcula de terror"},"content":{"rendered":"\n<p>Los accidentes, maldiciones y fen\u00f3menos paranormales parecen perseguir a los rodajes de las cintas de terror<\/p>\n\n\n\n<div class=\"wp-block-image\"><figure class=\"aligncenter size-large is-resized\"><img decoding=\"async\" loading=\"lazy\" src=\"https:\/\/notinor.com\/jujuy\/wp-content\/uploads\/2020\/06\/image.jpeg\" alt=\"10 actores que murieron poco despu\u00e9s de rodar una pel\u00edcula de terror\" class=\"wp-image-243633\" width=\"498\" height=\"324\"\/><\/figure><\/div>\n\n\n\n<p>Rodar una pel\u00edcula de terror seguramente no sea muy diferente a cualquier cinta de otro g\u00e9nero. Sin embargo, por alguna extra\u00f1a raz\u00f3n estos rodajes<strong>&nbsp;siempre se han asociado con accidentes, maldiciones,<\/strong>&nbsp;muertes o fen\u00f3menos paranormales.<\/p>\n\n\n\n<p>Y es que el mal fario persigue a algunas sagas protagonizadas por personajes que est\u00e9n embrujados, pose\u00eddos o atormentados por&nbsp;<strong>fuerzas sobrenaturales.<\/strong>&nbsp;Como si de una escena de 'Destino final' se tratase, repasamos diez actores que murieron poco despu\u00e9s de rodar una pel\u00edcula de terror.<\/p>\n\n\n\n<p><strong>B\u00e9la Lugosi \u2013 'Dr\u00e1cula'<\/strong><\/p>\n\n\n\n<p>La gran leyenda del cine de terror del Hollywood, B\u00e9la Lugosi, que interpret\u00f3 al m\u00edtico<strong>\u00a0Conde Dr\u00e1cula<\/strong>, muri\u00f3 de un infarto mientras se encontraba sentado en una silla en agosto 1956, en una \u00e9poca en la que rodaba pel\u00edculas para\u00a0<strong>Ed Wood.<\/strong>\u00a0De hecho, su \u00faltima aparici\u00f3n en el cine fue p\u00f3stuma, en Plan 9 del espacio exterior, estrenada en 1959.<\/p>\n\n\n\n<figure class=\"wp-block-embed-youtube wp-block-embed is-type-video is-provider-youtube wp-embed-aspect-4-3 wp-has-aspect-ratio\"><div class=\"wp-block-embed__wrapper\">\n<div class=\"jeg_video_container jeg_video_content\"><iframe loading=\"lazy\" title=\"Bela lugosi Dracula\" width=\"500\" height=\"375\" src=\"https:\/\/www.youtube.com\/embed\/IVPxAgy7lBA?feature=oembed\" frameborder=\"0\" allow=\"accelerometer; autoplay; encrypted-media; gyroscope; picture-in-picture\" allowfullscreen><\/iframe><\/div>\n<\/div><\/figure>\n\n\n\n<p><strong>Jack Macgowran \u2013 'El exorcista'<\/strong><\/p>\n\n\n\n<p>Si hay una pel\u00edcula rodeada de leyenda urbana, esa es El exorcista, de William Freidkin. Durante el rodaje, sucedieron varios hechos extra\u00f1os. De hecho, hasta se contrat\u00f3 a un sacerdote para que bendijese el set. Seg\u00fan The Guardian,&nbsp;<strong>nueve muertes se han asociado a la pel\u00edcula.<\/strong><\/p>\n\n\n\n<p>La m\u00e1s notable es la de Jack MacGowran, el actor muri\u00f3 durante el rodaje de la cinta, v\u00edctima de una gripe que contrajo en Londres. Fue el primero, ya que, despu\u00e9s del estreno, fallecieron ocho personas m\u00e1s. Sin duda, una\u00a0<strong>espeluznante coincidencia.<\/strong><\/p>\n\n\n\n<figure class=\"wp-block-embed-youtube wp-block-embed is-type-video is-provider-youtube wp-embed-aspect-16-9 wp-has-aspect-ratio\"><div class=\"wp-block-embed__wrapper\">\n<div class=\"jeg_video_container jeg_video_content\"><iframe loading=\"lazy\" title=\"JACK MACGOWRAN TRIBUTE\" width=\"500\" height=\"281\" src=\"https:\/\/www.youtube.com\/embed\/f-xonCexhq0?feature=oembed\" frameborder=\"0\" allow=\"accelerometer; autoplay; encrypted-media; gyroscope; picture-in-picture\" allowfullscreen><\/iframe><\/div>\n<\/div><\/figure>\n\n\n\n<p><strong>Vasiliki Maliaros \u2013 'El exorcista'<\/strong><\/p>\n\n\n\n<p>Otra muerte relacionada con El exorcista fue la de Vasiliki Maliaros, que interpretaba a la madre del padre Damien Karras. La actriz muri\u00f3 nueve d\u00edas despu\u00e9s que Jack MacGowran. Ten\u00eda 89 a\u00f1os y su fallecimiento fue por causas naturales. Eso s\u00ed, lo que pone los pelos de punta es pensar que tanto ella como MacGowran&nbsp;<strong>mor\u00edan tambi\u00e9n en la pel\u00edcula.<\/strong><\/p>\n\n\n\n<figure class=\"wp-block-image\"><img decoding=\"async\" src=\"https:\/\/www.lne.es\/elementosWeb\/gestionCajas\/MMP\/Image\/2019\/\/vasiliki-maliaros.jpg\" alt=\"Vasiliki Maliaros\"\/><\/figure>\n\n\n\n<p><strong>Vic Morrow \u2013 'En los l\u00edmites de la realidad'<\/strong><\/p>\n\n\n\n<p>Adaptaci\u00f3n cinematogr\u00e1fica de episodios de la m\u00edtica serie producida entre 1959 y 1964, la pel\u00edcula es tambi\u00e9n recordada por un tr\u00e1gico accidente laboral. El actor Vic Morror muri\u00f3 durante un accidente con un helic\u00f3ptero,&nbsp;<strong>tras ser decapitado por las h\u00e9lices.<\/strong><\/p>\n\n\n\n<figure class=\"wp-block-image\"><img decoding=\"async\" src=\"https:\/\/www.lne.es\/elementosWeb\/gestionCajas\/MMP\/Image\/2019\/\/vic-morrow.jpg\" alt=\"Vic Morrow\"\/><\/figure>\n\n\n\n<p><strong>Myca Dinh Le y Renee Shin-yi Chen \u2013 'En los l\u00edmites de la realidad'<\/strong><\/p>\n\n\n\n<p>Vic Morrow no fue el \u00fanico actor en morir en el accidente de helic\u00f3ptero de la versi\u00f3n cinematogr\u00e1fica de The Twilight Zone, los ni\u00f1os actores\u00a0<strong>Myca Dinh Le<\/strong>, de siete a\u00f1os, y Renee\u00a0<strong>Shin Chen,<\/strong>\u00a0de seis, estuvieron tambi\u00e9n entre las v\u00edctimas. Le fue decapitado por las h\u00e9lices del helic\u00f3ptero y Chen aplastada. Al haber sido contratados ilegalmente para\u00a0<strong>saltarse las leyes laborales sobre actores infantiles<\/strong>, hubo juicio por homicidio por el que los responsables de la escena fueron absueltos. Esta horrible accidente desemboc\u00f3 en una dura batalla legal por la protecci\u00f3n de los derechos de los ni\u00f1os actores y en la regulaci\u00f3n de escenas de riesgo con helic\u00f3pteros o similares.<\/p>\n\n\n\n<figure class=\"wp-block-embed-youtube wp-block-embed is-type-video is-provider-youtube wp-embed-aspect-16-9 wp-has-aspect-ratio\"><div class=\"wp-block-embed__wrapper\">\n<div class=\"jeg_video_container jeg_video_content\"><iframe loading=\"lazy\" title=\"Twilight Zone the Movie - 1983 Trailer\" width=\"500\" height=\"281\" src=\"https:\/\/www.youtube.com\/embed\/ybW_NyPCRNU?feature=oembed\" frameborder=\"0\" allow=\"accelerometer; autoplay; encrypted-media; gyroscope; picture-in-picture\" allowfullscreen><\/iframe><\/div>\n<\/div><\/figure>\n\n\n\n<p><strong>Dominique Dune \u2013 'Poltergeist'<\/strong><\/p>\n\n\n\n<p>Si hay una saga de terror en la que hay una leyenda negra, esa es Poltergeist. Varias muertes se han asociado a la pel\u00edcula de 1982 dirigida por Tobe Hooper. La primera fue la de\u00a0<strong>Dominique Dunne,<\/strong>\u00a0que interpret\u00f3 a la hija mayor de la familia Freeling, Dana. La actriz fue v\u00edctima de un asesinato de violencia machista, al ser estrangulada por su exnovio, John Sweeney.<\/p>\n\n\n\n<figure class=\"wp-block-embed-youtube wp-block-embed is-type-video is-provider-youtube wp-embed-aspect-4-3 wp-has-aspect-ratio\"><div class=\"wp-block-embed__wrapper\">\n<div class=\"jeg_video_container jeg_video_content\"><iframe loading=\"lazy\" title=\"\u2020 Dominique Ellen Dunne (1959-1982) \u2020\" width=\"500\" height=\"375\" src=\"https:\/\/www.youtube.com\/embed\/R35hwybn4GQ?feature=oembed\" frameborder=\"0\" allow=\"accelerometer; autoplay; encrypted-media; gyroscope; picture-in-picture\" allowfullscreen><\/iframe><\/div>\n<\/div><\/figure>\n\n\n\n<p><strong>Julian Beck \u2013 'Poltergeist II'<\/strong><\/p>\n\n\n\n<p>Para alimentar m\u00e1s la leyenda de Poltergeist, el actor Julian Beck muri\u00f3 durante la postproducci\u00f3n de la secuela, estrenada en 1986.<strong>\u00a0Era una muerte anunciada<\/strong>\u00a0pues cuando comenz\u00f3 a rodar la pel\u00edcula, el actor padec\u00eda c\u00e1ncer de est\u00f3mago en estado muy avanzado.<\/p>\n\n\n\n<figure class=\"wp-block-embed-youtube wp-block-embed is-type-video is-provider-youtube wp-embed-aspect-16-9 wp-has-aspect-ratio\"><div class=\"wp-block-embed__wrapper\">\n<div class=\"jeg_video_container jeg_video_content\"><iframe loading=\"lazy\" title=\"Poltergeist II: The Other Side (1\/12) Movie CLIP - Kane (1986) HD\" width=\"500\" height=\"281\" src=\"https:\/\/www.youtube.com\/embed\/8l-HZqArmXU?feature=oembed\" frameborder=\"0\" allow=\"accelerometer; autoplay; encrypted-media; gyroscope; picture-in-picture\" allowfullscreen><\/iframe><\/div>\n<\/div><\/figure>\n\n\n\n<p><strong>Will Sampson \u2013 'Poltergeist III'<\/strong><\/p>\n\n\n\n<p>Otra muerte relacionada con la saga Poltergeist es la del actor Will Sampson, que interpret\u00f3 al cham\u00e1n nativo americano Taylor. Sampson muri\u00f3 en 1987, un a\u00f1o despu\u00e9s del estreno de la pel\u00edcula. El motivo fue\u00a0<strong>un trasplante de coraz\u00f3n y pulm\u00f3n que no sali\u00f3 bien.<\/strong>\u00a0El actor padec\u00eda esclerodermia y sab\u00eda que se enfrentaba a una operaci\u00f3n con muy pocas posibilidades de \u00e9xito, con lo que era su \u00faltimo esfuerzo para salvar su vida.<\/p>\n\n\n\n<figure class=\"wp-block-embed-youtube wp-block-embed is-type-video is-provider-youtube wp-embed-aspect-16-9 wp-has-aspect-ratio\"><div class=\"wp-block-embed__wrapper\">\n<div class=\"jeg_video_container jeg_video_content\"><iframe loading=\"lazy\" title=\"PolterGeist II - Like a leaf in the wind\" width=\"500\" height=\"281\" src=\"https:\/\/www.youtube.com\/embed\/X-vQwluiEDI?feature=oembed\" frameborder=\"0\" allow=\"accelerometer; autoplay; encrypted-media; gyroscope; picture-in-picture\" allowfullscreen><\/iframe><\/div>\n<\/div><\/figure>\n\n\n\n<p><strong>Heather O'rourke \u2013 'Poltergeist III'<\/strong><\/p>\n\n\n\n<p>Pero sin duda alguna la muerte m\u00e1s sorprendente fue la de la ni\u00f1a protagonista de la saga, Heather O'Rourke. La peque\u00f1a muri\u00f3 con solo 12 a\u00f1os, cuando estaba rodando la tercera cinta de la saga. El motivo de su muerte fue una obstrucci\u00f3n intestinal, provocado por\u00a0<strong>un paro card\u00edaco y un choque s\u00e9ptico.\u00a0<\/strong>Parece ser que el origen de la desgracia fue que padec\u00eda una estenosis cong\u00e9nita que se diagnostic\u00f3 err\u00f3neamente como enfermedad de Crohn<\/p>\n\n\n\n<figure class=\"wp-block-embed-youtube wp-block-embed is-type-video is-provider-youtube wp-embed-aspect-4-3 wp-has-aspect-ratio\"><div class=\"wp-block-embed__wrapper\">\n<div class=\"jeg_video_container jeg_video_content\"><iframe loading=\"lazy\" title=\"The best Heather O&#039;Rourke Scene&#039;s\" width=\"500\" height=\"375\" src=\"https:\/\/www.youtube.com\/embed\/0YzBh_bfgsE?feature=oembed\" frameborder=\"0\" allow=\"accelerometer; autoplay; encrypted-media; gyroscope; picture-in-picture\" allowfullscreen><\/iframe><\/div>\n<\/div><\/figure>\n\n\n\n<p><strong>Aaliyah \u2013 'La reina de los condenados'<\/strong><\/p>\n\n\n\n<p>La cantante Aaliyah acababa de terminar de rodar La reina de los condenados, adaptaci\u00f3n de la novela de\u00a0<strong>Anne Rice,<\/strong>\u00a0cuando falleci\u00f3 en un\u00a0<strong>accidente a\u00e9reo<\/strong>\u00a0cuando iba rumbo a las Bahamas. Una prometedora estrella que se apag\u00f3 demasiado pronto, sobre todo cuando se descubri\u00f3 que el motivo del accidente fue que el avi\u00f3n iba demasiado sobrecargado.<\/p>\n\n\n\n<figure class=\"wp-block-embed-youtube wp-block-embed is-type-video is-provider-youtube wp-embed-aspect-16-9 wp-has-aspect-ratio\"><div class=\"wp-block-embed__wrapper\">\n<div class=\"jeg_video_container jeg_video_content\"><iframe loading=\"lazy\" title=\"Queen of the Dammed - Trailer\" width=\"500\" height=\"281\" src=\"https:\/\/www.youtube.com\/embed\/th_1NkLo9zU?feature=oembed\" frameborder=\"0\" allow=\"accelerometer; autoplay; encrypted-media; gyroscope; picture-in-picture\" allowfullscreen><\/iframe><\/div>\n<\/div><\/figure>\n\n\n\n<p><\/p>\n","protected":false},"excerpt":{"rendered":"<p>Los accidentes, maldiciones y fen\u00f3menos paranormales parecen perseguir a los rodajes de las cintas de terror Rodar una pel\u00edcula de terror seguramente no sea muy diferente a cualquier cinta de otro g\u00e9nero. Sin embargo, por alguna extra\u00f1a raz\u00f3n estos rodajes&nbsp;siempre se han asociado con accidentes, maldiciones,&nbsp;muertes o fen\u00f3menos paranormales. Y es que el mal fario [&hellip;]<\/p>\n","protected":false},"author":40,"featured_media":243633,"comment_status":"open","ping_status":"open","sticky":false,"template":"","format":"standard","meta":{"_stopmodifiedupdate":false,"_modified_date":"","inline_featured_image":false,"spay_email":"","jetpack_publicize_message":""},"categories":[17,13],"tags":[],"jetpack_featured_media_url":"https:\/\/notinor.com\/jujuy\/wp-content\/uploads\/2020\/06\/image.jpeg","jetpack_publicize_connections":[],"_links":{"self":[{"href":"https:\/\/notinor.com\/jujuy\/wp-json\/wp\/v2\/posts\/243629"}],"collection":[{"href":"https:\/\/notinor.com\/jujuy\/wp-json\/wp\/v2\/posts"}],"about":[{"href":"https:\/\/notinor.com\/jujuy\/wp-json\/wp\/v2\/types\/post"}],"author":[{"embeddable":true,"href":"https:\/\/notinor.com\/jujuy\/wp-json\/wp\/v2\/users\/40"}],"replies":[{"embeddable":true,"href":"https:\/\/notinor.com\/jujuy\/wp-json\/wp\/v2\/comments?post=243629"}],"version-history":[{"count":1,"href":"https:\/\/notinor.com\/jujuy\/wp-json\/wp\/v2\/posts\/243629\/revisions"}],"predecessor-version":[{"id":243634,"href":"https:\/\/notinor.com\/jujuy\/wp-json\/wp\/v2\/posts\/243629\/revisions\/243634"}],"wp:featuredmedia":[{"embeddable":true,"href":"https:\/\/notinor.com\/jujuy\/wp-json\/wp\/v2\/media\/243633"}],"wp:attachment":[{"href":"https:\/\/notinor.com\/jujuy\/wp-json\/wp\/v2\/media?parent=243629"}],"wp:term":[{"taxonomy":"category","embeddable":true,"href":"https:\/\/notinor.com\/jujuy\/wp-json\/wp\/v2\/categories?post=243629"},{"taxonomy":"post_tag","embeddable":true,"href":"https:\/\/notinor.com\/jujuy\/wp-json\/wp\/v2\/tags?post=243629"}],"curies":[{"name":"wp","href":"https:\/\/api.w.org\/{rel}","templated":true}]}}