{"id":243580,"date":"2020-06-05T12:07:32","date_gmt":"2020-06-05T15:07:32","guid":{"rendered":"https:\/\/notinor.com\/jujuy\/?p=243580"},"modified":"2020-06-05T15:55:56","modified_gmt":"2020-06-05T18:55:56","slug":"los-productos-de-belleza-que-necesitas-para-proteger-tu-piel-del-uso-de-las-mascarillas","status":"publish","type":"post","link":"https:\/\/notinor.com\/jujuy\/los-productos-de-belleza-que-necesitas-para-proteger-tu-piel-del-uso-de-las-mascarillas\/","title":{"rendered":"Los productos de belleza que necesitas para proteger tu piel del uso de las mascarillas"},"content":{"rendered":"\n<p>En tiempos de&nbsp;<strong>mascarilla<\/strong>, nuestra piel est\u00e1 sufriendo una serie de cambios nada deseables. La Doctora Elena Mart\u00ednez Lorenzo, dermat\u00f3loga en la Cl\u00ednica Pilar de Frutos, asegura que, tras un uso continuado, surge&nbsp;la \"aparici\u00f3n de&nbsp;<strong>xerosis, eritema, eczema seborr\u00e9ico, acn\u00e9, ros\u00e1cea<\/strong>&nbsp;o empeoramiento de patolog\u00edas preexistentes\". Ante ello, lo ideal es que establezcas una estricta rutina del cuidado facial en este caso, adaptada a las circunstancias.<\/p>\n\n\n\n<p>Mientras te preocupas de&nbsp; resaltar la mirada, la \u00fanica parte que no queda oculta por la mascarilla, toma nota de los consejos de la doctora, que establece que hay que \"<strong>evitar el uso de maquillaje<\/strong>, como los correctores, ya que incrementan la oclusi\u00f3n que genera la mascarilla\". As\u00ed mismo, desaconseja por completo la aplicaci\u00f3n de activos como el \u00e1cido salic\u00edlico o derivados de la vitamina A\", as\u00ed como los corticoides. Dicho esto, toma nota&nbsp;de los&nbsp;<strong>productos de belleza<\/strong>&nbsp;que s\u00ed deber\u00edas que incluir en&nbsp;<strong>tu nueva rutina de cuidados,<\/strong>&nbsp;si quieres combatir el acn\u00e9, las rojeces y la piel sensible.<\/p>\n\n\n\n<figure class=\"wp-block-image size-large\"><img decoding=\"async\" loading=\"lazy\" width=\"564\" height=\"376\" src=\"https:\/\/notinor.com\/jujuy\/wp-content\/uploads\/2020\/06\/d693c6ec44a2119316200353af750997.jpg\" alt=\"\" class=\"wp-image-243582\" srcset=\"https:\/\/notinor.com\/jujuy\/wp-content\/uploads\/2020\/06\/d693c6ec44a2119316200353af750997.jpg 564w, https:\/\/notinor.com\/jujuy\/wp-content\/uploads\/2020\/06\/d693c6ec44a2119316200353af750997-548x365.jpg 548w, https:\/\/notinor.com\/jujuy\/wp-content\/uploads\/2020\/06\/d693c6ec44a2119316200353af750997-400x266.jpg 400w\" sizes=\"(max-width: 564px) 100vw, 564px\" \/><\/figure>\n\n\n\n<p>Establecer una correcta rutina de cuidado facial es, ahora m\u00e1s que nunca, obligatorio para evitar los indeseados granitos y rojeces<\/p>\n\n\n\n<figure class=\"wp-block-image size-large\"><img decoding=\"async\" loading=\"lazy\" width=\"440\" height=\"264\" src=\"https:\/\/notinor.com\/jujuy\/wp-content\/uploads\/2020\/06\/b335b556f6b7b1c54045bf9e25bc9534.jpg\" alt=\"\" class=\"wp-image-243623\"\/><\/figure>\n\n\n\n<p>Ahora m\u00e1s que nunca.<\/p>\n","protected":false},"excerpt":{"rendered":"<p>En tiempos de&nbsp;mascarilla, nuestra piel est\u00e1 sufriendo una serie de cambios nada deseables. La Doctora Elena Mart\u00ednez Lorenzo, dermat\u00f3loga en la Cl\u00ednica Pilar de Frutos, asegura que, tras un uso continuado, surge&nbsp;la \"aparici\u00f3n de&nbsp;xerosis, eritema, eczema seborr\u00e9ico, acn\u00e9, ros\u00e1cea&nbsp;o empeoramiento de patolog\u00edas preexistentes\". Ante ello, lo ideal es que establezcas una estricta rutina del cuidado [&hellip;]<\/p>\n","protected":false},"author":1,"featured_media":243620,"comment_status":"open","ping_status":"open","sticky":false,"template":"","format":"standard","meta":{"_stopmodifiedupdate":false,"_modified_date":"","inline_featured_image":false,"spay_email":"","jetpack_publicize_message":""},"categories":[828],"tags":[],"jetpack_featured_media_url":"https:\/\/notinor.com\/jujuy\/wp-content\/uploads\/2020\/06\/9bfbc808a9f118df0837789fb3712ba5.jpg","jetpack_publicize_connections":[],"_links":{"self":[{"href":"https:\/\/notinor.com\/jujuy\/wp-json\/wp\/v2\/posts\/243580"}],"collection":[{"href":"https:\/\/notinor.com\/jujuy\/wp-json\/wp\/v2\/posts"}],"about":[{"href":"https:\/\/notinor.com\/jujuy\/wp-json\/wp\/v2\/types\/post"}],"author":[{"embeddable":true,"href":"https:\/\/notinor.com\/jujuy\/wp-json\/wp\/v2\/users\/1"}],"replies":[{"embeddable":true,"href":"https:\/\/notinor.com\/jujuy\/wp-json\/wp\/v2\/comments?post=243580"}],"version-history":[{"count":3,"href":"https:\/\/notinor.com\/jujuy\/wp-json\/wp\/v2\/posts\/243580\/revisions"}],"predecessor-version":[{"id":243624,"href":"https:\/\/notinor.com\/jujuy\/wp-json\/wp\/v2\/posts\/243580\/revisions\/243624"}],"wp:featuredmedia":[{"embeddable":true,"href":"https:\/\/notinor.com\/jujuy\/wp-json\/wp\/v2\/media\/243620"}],"wp:attachment":[{"href":"https:\/\/notinor.com\/jujuy\/wp-json\/wp\/v2\/media?parent=243580"}],"wp:term":[{"taxonomy":"category","embeddable":true,"href":"https:\/\/notinor.com\/jujuy\/wp-json\/wp\/v2\/categories?post=243580"},{"taxonomy":"post_tag","embeddable":true,"href":"https:\/\/notinor.com\/jujuy\/wp-json\/wp\/v2\/tags?post=243580"}],"curies":[{"name":"wp","href":"https:\/\/api.w.org\/{rel}","templated":true}]}}