{"id":243574,"date":"2020-06-05T12:13:38","date_gmt":"2020-06-05T15:13:38","guid":{"rendered":"https:\/\/notinor.com\/jujuy\/?p=243574"},"modified":"2020-06-05T12:25:40","modified_gmt":"2020-06-05T15:25:40","slug":"nuevo-sistema-operativo-de-ambulancias-en-jujuy","status":"publish","type":"post","link":"https:\/\/notinor.com\/jujuy\/nuevo-sistema-operativo-de-ambulancias-en-jujuy\/","title":{"rendered":"Nuevo sistema operativo de ambulancias en Jujuy"},"content":{"rendered":"\n<p>El SAME 107 se encuentra trabajando arduamente para poner en funcionamiento un nuevo sistema en el cual tendr\u00e1 a cargo un total de 78 ambulancias distribuidas en todo el territorio provincial. <\/p>\n\n\n\n<figure class=\"wp-block-image size-large\"><img decoding=\"async\" loading=\"lazy\" width=\"718\" height=\"480\" src=\"https:\/\/notinor.com\/jujuy\/wp-content\/uploads\/2020\/06\/sistema-operativo-718x480.jpg\" alt=\"\" class=\"wp-image-243585\" srcset=\"https:\/\/notinor.com\/jujuy\/wp-content\/uploads\/2020\/06\/sistema-operativo-718x480.jpg 718w, https:\/\/notinor.com\/jujuy\/wp-content\/uploads\/2020\/06\/sistema-operativo-546x365.jpg 546w, https:\/\/notinor.com\/jujuy\/wp-content\/uploads\/2020\/06\/sistema-operativo-768x513.jpg 768w, https:\/\/notinor.com\/jujuy\/wp-content\/uploads\/2020\/06\/sistema-operativo-653x438.jpg 653w, https:\/\/notinor.com\/jujuy\/wp-content\/uploads\/2020\/06\/sistema-operativo-400x266.jpg 400w, https:\/\/notinor.com\/jujuy\/wp-content\/uploads\/2020\/06\/sistema-operativo.jpg 1140w\" sizes=\"(max-width: 718px) 100vw, 718px\" \/><\/figure>\n\n\n\n<p class=\"has-background has-vivid-cyan-blue-background-color\"><strong>Esto permitir\u00e1 que cada juje\u00f1o tenga accesibilidad a la urgencia, emergencia y traslados a trav\u00e9s de veh\u00edculos de mediana y alta complejidad, con los insumos necesarios y con choferes y personal de salud altamente capacitados.<\/strong><\/p>\n\n\n\n<p>Ante distintas versiones, se aclara que la ambulancia del\nHospital \u201cDr. Miguel \u00c1ngel Miskoff\u201d de Maimar\u00e1, har\u00e1 base en dicha instituci\u00f3n\ndependiendo desde ahora de la gesti\u00f3n del SAME 107.<\/p>\n\n\n\n<p>\u201cQueremos brindar m\u00e1s oportunidades e igualdad entre los\njuje\u00f1os en lo que respecta al sistema de emergencias\u201d, indic\u00f3 el Ministro de\nSalud, Gustavo Bouhid, al referirse a la centralizaci\u00f3n de las ambulancias a\ntrav\u00e9s del SAME 107. \u201cEste nuevo sistema nos va a ofrecer mayor cobertura en\ncada una de las regiones sanitarias, ya que cada base operativa tendr\u00e1 a cargo\nlas ambulancias necesarias para cubrir las distintas localidades\u201d, agreg\u00f3.<\/p>\n\n\n\n<p>En la actualidad, el SAME 107 cuenta con 25 ambulancias de\nGuardia las 24 horas del d\u00eda; que tienen como funci\u00f3n concreta atender urgencias\ny emergencias. Adem\u00e1s, en Jujuy existen 53 ambulancias que se encuentran bajo\nel manejo de la red hospitalaria y algunas comisiones municipales.<\/p>\n\n\n\n<p>Ahora, \u201cbajo una resoluci\u00f3n emitida el 13 de mayo, todas las\nambulancias pasar\u00e1n a depender del SAME 107; esto quiere decir que no solo\nhabr\u00e1 una mejora en la operatividad y la coordinaci\u00f3n de los veh\u00edculos porque\nestar\u00e1n especializadas en la urgencia, sino que tambi\u00e9n este nivel central se\nhar\u00e1 cargo de los gastos en equipamientos, insumos y personal de salud a cargo,\nquit\u00e1ndole un peso de encima a los hospitales para que puedan ocuparse\nnetamente de la asistencia, y sobre todo a las comisiones municipales que ya no\ndeber\u00e1n correr con dichos gastos\u201d, anunci\u00f3 Bouhid remarcando que \u201ctambi\u00e9n se\nevitar\u00e1 que las ambulancias sean utilizadas para otros fines que no tienen que\nver con la salud de la poblaci\u00f3n\u201d.<\/p>\n\n\n\n<p>Cabe destacar, que \u201cning\u00fan hospital ni centro de salud y,\npor supuesto, ning\u00fan paciente quedar\u00e1 desprotegido, sino m\u00e1s bien dispondr\u00e1n de\nun sistema de emergencia de alta calidad como lo es el SAME 107 en Jujuy\u201d,\nsostuvo.<\/p>\n\n\n\n<p>Tal es as\u00ed, que las distintas bases operativas del SAME 107\nestar\u00e1n a cargo del manejo de ambulancias por regiones: la base 4 de San Pedro\ncentralizar\u00e1 la regi\u00f3n sanitaria Ramal I, la base 5 de Libertador General San\nMart\u00edn estar\u00e1 a cargo del Ramal II, la base 7 de Perico estar\u00e1 a cargo de la\nregi\u00f3n Valles, la base 10 de Humahuaca estar\u00e1 a cargo de Quebrada y la flamante\nbase 11 ubicada en la Ciudad de La Quiaca estar\u00e1 a cargo de la regi\u00f3n Puna.<\/p>\n","protected":false},"excerpt":{"rendered":"<p>El SAME 107 se encuentra trabajando arduamente para poner en funcionamiento un nuevo sistema en el cual tendr\u00e1 a cargo un total de 78 ambulancias distribuidas en todo el territorio provincial. Esto permitir\u00e1 que cada juje\u00f1o tenga accesibilidad a la urgencia, emergencia y traslados a trav\u00e9s de veh\u00edculos de mediana y alta complejidad, con los [&hellip;]<\/p>\n","protected":false},"author":5,"featured_media":243585,"comment_status":"open","ping_status":"open","sticky":false,"template":"","format":"standard","meta":{"_stopmodifiedupdate":false,"_modified_date":"","inline_featured_image":false,"spay_email":"","jetpack_publicize_message":"El SAME 107 se encuentra trabajando arduamente para poner en funcionamiento un nuevo sistema en el cual tendr\u00e1 a cargo un total de 78 ambulancias distribuidas en todo el territorio provincial. "},"categories":[514],"tags":[],"jetpack_featured_media_url":"https:\/\/notinor.com\/jujuy\/wp-content\/uploads\/2020\/06\/sistema-operativo.jpg","jetpack_publicize_connections":[],"_links":{"self":[{"href":"https:\/\/notinor.com\/jujuy\/wp-json\/wp\/v2\/posts\/243574"}],"collection":[{"href":"https:\/\/notinor.com\/jujuy\/wp-json\/wp\/v2\/posts"}],"about":[{"href":"https:\/\/notinor.com\/jujuy\/wp-json\/wp\/v2\/types\/post"}],"author":[{"embeddable":true,"href":"https:\/\/notinor.com\/jujuy\/wp-json\/wp\/v2\/users\/5"}],"replies":[{"embeddable":true,"href":"https:\/\/notinor.com\/jujuy\/wp-json\/wp\/v2\/comments?post=243574"}],"version-history":[{"count":1,"href":"https:\/\/notinor.com\/jujuy\/wp-json\/wp\/v2\/posts\/243574\/revisions"}],"predecessor-version":[{"id":243586,"href":"https:\/\/notinor.com\/jujuy\/wp-json\/wp\/v2\/posts\/243574\/revisions\/243586"}],"wp:featuredmedia":[{"embeddable":true,"href":"https:\/\/notinor.com\/jujuy\/wp-json\/wp\/v2\/media\/243585"}],"wp:attachment":[{"href":"https:\/\/notinor.com\/jujuy\/wp-json\/wp\/v2\/media?parent=243574"}],"wp:term":[{"taxonomy":"category","embeddable":true,"href":"https:\/\/notinor.com\/jujuy\/wp-json\/wp\/v2\/categories?post=243574"},{"taxonomy":"post_tag","embeddable":true,"href":"https:\/\/notinor.com\/jujuy\/wp-json\/wp\/v2\/tags?post=243574"}],"curies":[{"name":"wp","href":"https:\/\/api.w.org\/{rel}","templated":true}]}}