{"id":243004,"date":"2020-06-02T17:33:29","date_gmt":"2020-06-02T20:33:29","guid":{"rendered":"https:\/\/notinor.com\/jujuy\/?p=243004"},"modified":"2020-06-02T17:35:43","modified_gmt":"2020-06-02T20:35:43","slug":"buscan-a-una-nina-de-12-anos-que-esta-desaparecida-hacer-tres-dias","status":"publish","type":"post","link":"https:\/\/notinor.com\/jujuy\/buscan-a-una-nina-de-12-anos-que-esta-desaparecida-hacer-tres-dias\/","title":{"rendered":"Buscan a una ni\u00f1a de 12 a\u00f1os que est\u00e1 desaparecida hacer tres d\u00edas"},"content":{"rendered":"\n<p> Es intensamente buscada desde el domingo cuando fue vista por \u00faltima vez cuando sal\u00eda de su casa  en el barrio Tupac Amaru de Alto Comedero. <\/p>\n\n\n\n<p>Rocio Luhue Soto tiene 12 a\u00f1os,  fue vista por \u00faltima vez  cuando sal\u00eda de su casa  en el barrio Tupac Amaru de Alto Comedero, sin decir a donde iba.<\/p>\n\n\n\n<figure class=\"wp-block-image size-large\"><img decoding=\"async\" loading=\"lazy\" width=\"706\" height=\"718\" src=\"https:\/\/i2.wp.com\/notinor.com\/jujuy\/wp-content\/uploads\/2020\/06\/luhue.jpg?fit=472%2C480&amp;ssl=1\" alt=\"\" class=\"wp-image-243005\" srcset=\"https:\/\/notinor.com\/jujuy\/wp-content\/uploads\/2020\/06\/luhue.jpg 706w, https:\/\/notinor.com\/jujuy\/wp-content\/uploads\/2020\/06\/luhue-359x365.jpg 359w, https:\/\/notinor.com\/jujuy\/wp-content\/uploads\/2020\/06\/luhue-472x480.jpg 472w, https:\/\/notinor.com\/jujuy\/wp-content\/uploads\/2020\/06\/luhue-75x75.jpg 75w\" sizes=\"(max-width: 706px) 100vw, 706px\" \/><\/figure>\n\n\n\n<p class=\"has-background has-vivid-cyan-blue-background-color\">Familiares realizaron la denuncia en la seccional 56 y solicitan a la sociedad que ante cualquier informaci\u00f3n sobre ella, que se comuniquen al 911<\/p>\n\n\n\n<p>Roc\u00edo es de contextura  delgada, estatura 1.49 metros aproximadamente, tez trigue\u00f1a, cabello lacio largo color negro. <\/p>\n\n\n\n<p>Al momento de ausentarse vest\u00eda, jeans de color celeste, buzo con capucha color rosado, calzaba zapatillas color blanco y llevaba consigo una mochila color fucsia. <\/p>\n","protected":false},"excerpt":{"rendered":"<p>Es intensamente buscada desde el domingo cuando fue vista por \u00faltima vez cuando sal\u00eda de su casa en el barrio Tupac Amaru de Alto Comedero. Rocio Luhue Soto tiene 12 a\u00f1os, fue vista por \u00faltima vez cuando sal\u00eda de su casa en el barrio Tupac Amaru de Alto Comedero, sin decir a donde iba. Familiares [&hellip;]<\/p>\n","protected":false},"author":1,"featured_media":243005,"comment_status":"open","ping_status":"open","sticky":false,"template":"","format":"standard","meta":{"_stopmodifiedupdate":false,"_modified_date":"","inline_featured_image":false,"spay_email":"","jetpack_publicize_message":" Es intensamente buscada desde el domingo cuando fue vista por \u00faltima vez cuando sal\u00eda de su casa  en el barrio Tupac Amaru de Alto Comedero. \n#jujuy"},"categories":[3],"tags":[],"jetpack_featured_media_url":"https:\/\/notinor.com\/jujuy\/wp-content\/uploads\/2020\/06\/luhue.jpg","jetpack_publicize_connections":[],"_links":{"self":[{"href":"https:\/\/notinor.com\/jujuy\/wp-json\/wp\/v2\/posts\/243004"}],"collection":[{"href":"https:\/\/notinor.com\/jujuy\/wp-json\/wp\/v2\/posts"}],"about":[{"href":"https:\/\/notinor.com\/jujuy\/wp-json\/wp\/v2\/types\/post"}],"author":[{"embeddable":true,"href":"https:\/\/notinor.com\/jujuy\/wp-json\/wp\/v2\/users\/1"}],"replies":[{"embeddable":true,"href":"https:\/\/notinor.com\/jujuy\/wp-json\/wp\/v2\/comments?post=243004"}],"version-history":[{"count":1,"href":"https:\/\/notinor.com\/jujuy\/wp-json\/wp\/v2\/posts\/243004\/revisions"}],"predecessor-version":[{"id":243006,"href":"https:\/\/notinor.com\/jujuy\/wp-json\/wp\/v2\/posts\/243004\/revisions\/243006"}],"wp:featuredmedia":[{"embeddable":true,"href":"https:\/\/notinor.com\/jujuy\/wp-json\/wp\/v2\/media\/243005"}],"wp:attachment":[{"href":"https:\/\/notinor.com\/jujuy\/wp-json\/wp\/v2\/media?parent=243004"}],"wp:term":[{"taxonomy":"category","embeddable":true,"href":"https:\/\/notinor.com\/jujuy\/wp-json\/wp\/v2\/categories?post=243004"},{"taxonomy":"post_tag","embeddable":true,"href":"https:\/\/notinor.com\/jujuy\/wp-json\/wp\/v2\/tags?post=243004"}],"curies":[{"name":"wp","href":"https:\/\/api.w.org\/{rel}","templated":true}]}}